{"id":9663,"date":"2023-10-11T12:54:10","date_gmt":"2023-10-11T10:54:10","guid":{"rendered":"https:\/\/cipdonapea.educacion.navarra.es\/web\/?p=9663"},"modified":"2024-02-08T12:12:18","modified_gmt":"2024-02-08T11:12:18","slug":"estancia-en-alemania-de-dos-alumnos-de-ims","status":"publish","type":"post","link":"https:\/\/cipdonapea.educacion.navarra.es\/web\/actualidad\/noticias\/estancia-en-alemania-de-dos-alumnos-de-ims\/","title":{"rendered":"Estancia en Alemania de dos alumnos de IMS"},"content":{"rendered":"\n<p>\u00abNuestra experiencia en Paderborn, Alemania, como participantes del programa de la empresa CNAI, fue realmente enriquecedora. El objetivo principal del programa, que es implementar t\u00edtulos de formaci\u00f3n profesional biling\u00fces en Navarra y mejorar la competitividad e internacionalizaci\u00f3n de la regi\u00f3n, se aline\u00f3 perfectamente con lo que vivimos y aprendimos durante nuestra estad\u00eda.<\/p>\n\n\n\n<p>Una de las cosas que m\u00e1s valoramos de esta experiencia es la inmersi\u00f3n en un entorno de aprendizaje dual. En Alemania, la formaci\u00f3n profesional se combina con la pr\u00e1ctica en empresas, lo que permite a los estudiantes obtener una formaci\u00f3n integral y altamente relevante para el mercado laboral. Esto nos brind\u00f3 una visi\u00f3n muy clara de c\u00f3mo funciona este sistema y c\u00f3mo puede beneficiar a los j\u00f3venes que buscan ingresar al mundo laboral.<\/p>\n\n\n\n<p>La relaci\u00f3n hermanada entre Paderborn y Pamplona fue un v\u00ednculo especial que fortaleci\u00f3 nuestra experiencia. Fuimos recibidos por el alcalde de Paderborn en el Council o ayuntamiento de la ciudad, lo que nos hizo sentir muy bienvenidos y nos permiti\u00f3 entender a\u00fan m\u00e1s la importancia de las relaciones internacionales y la cooperaci\u00f3n entre ciudades.<\/p>\n\n\n\n<p>Adem\u00e1s de la formaci\u00f3n t\u00e9cnica, tambi\u00e9n mejoramos significativamente nuestro dominio del ingl\u00e9s. La comunicaci\u00f3n en un entorno internacional y multicultural como Paderborn fue un desaf\u00edo enriquecedor que nos permiti\u00f3 perfeccionar nuestras habilidades ling\u00fc\u00edsticas y aprender a interactuar de manera efectiva con personas de diferentes pa\u00edses y culturas.<\/p>\n\n\n\n<p>La inmersi\u00f3n en la cultura alemana fue otra faceta fascinante de nuestra experiencia. Aprendimos sobre las costumbres locales, la gastronom\u00eda y la forma de vida, lo que ampli\u00f3 nuestra perspectiva y nos hizo apreciar a\u00fan m\u00e1s la diversidad cultural.\u00bb<\/p>\n\n\n\n<p><strong><em>Jorge Trobajo y Brayan Ar\u00e9valo, estudiantes de Segundo de Realizaci\u00f3n de Proyectos Audiovisuales y Espect\u00e1culos<\/em><\/strong><\/p>\n\n\n\n<figure class=\"wp-block-gallery has-nested-images columns-default is-cropped\">\n<figure class=\"wp-block-image size-large\"><img loading=\"lazy\" width=\"1024\" height=\"576\" data-id=\"9664\"  src=\"https:\/\/cipdonapea.educacion.navarra.es\/web\/wp-content\/uploads\/2023\/10\/aleims2-1024x576.jpg\" alt=\"\" class=\"wp-image-9664\" srcset=\"https:\/\/cipdonapea.educacion.navarra.es\/web\/wp-content\/uploads\/2023\/10\/aleims2-1024x576.jpg 1024w, https:\/\/cipdonapea.educacion.navarra.es\/web\/wp-content\/uploads\/2023\/10\/aleims2-300x169.jpg 300w, https:\/\/cipdonapea.educacion.navarra.es\/web\/wp-content\/uploads\/2023\/10\/aleims2-768x432.jpg 768w, https:\/\/cipdonapea.educacion.navarra.es\/web\/wp-content\/uploads\/2023\/10\/aleims2-1536x865.jpg 1536w, https:\/\/cipdonapea.educacion.navarra.es\/web\/wp-content\/uploads\/2023\/10\/aleims2-2048x1153.jpg 2048w\" sizes=\"(max-width: 1024px) 100vw, 1024px\" \/><\/figure>\n<\/figure>\n\n\n\n<p><\/p>\n","protected":false},"excerpt":{"rendered":"<p>\u00abNuestra experiencia en Paderborn, Alemania, como participantes del programa de la empresa CNAI, fue realmente enriquecedora. El objetivo principal del programa, que es implementar t\u00edtulos de formaci\u00f3n profesional biling\u00fces en Navarra y mejorar la competitividad e internacionalizaci\u00f3n de la regi\u00f3n, se aline\u00f3 perfectamente con lo que vivimos y aprendimos durante nuestra estad\u00eda. Una de las [&hellip;]<\/p>\n","protected":false},"author":1,"featured_media":0,"comment_status":"open","ping_status":"open","sticky":false,"template":"","format":"standard","meta":{"_genesis_hide_title":false,"_genesis_hide_breadcrumbs":false,"_genesis_hide_singular_image":false,"_genesis_hide_footer_widgets":false,"_genesis_custom_body_class":"","_genesis_custom_post_class":"","_genesis_layout":""},"categories":[79,3],"tags":[],"_links":{"self":[{"href":"https:\/\/cipdonapea.educacion.navarra.es\/web\/wp-json\/wp\/v2\/posts\/9663"}],"collection":[{"href":"https:\/\/cipdonapea.educacion.navarra.es\/web\/wp-json\/wp\/v2\/posts"}],"about":[{"href":"https:\/\/cipdonapea.educacion.navarra.es\/web\/wp-json\/wp\/v2\/types\/post"}],"author":[{"embeddable":true,"href":"https:\/\/cipdonapea.educacion.navarra.es\/web\/wp-json\/wp\/v2\/users\/1"}],"replies":[{"embeddable":true,"href":"https:\/\/cipdonapea.educacion.navarra.es\/web\/wp-json\/wp\/v2\/comments?post=9663"}],"version-history":[{"count":1,"href":"https:\/\/cipdonapea.educacion.navarra.es\/web\/wp-json\/wp\/v2\/posts\/9663\/revisions"}],"predecessor-version":[{"id":9670,"href":"https:\/\/cipdonapea.educacion.navarra.es\/web\/wp-json\/wp\/v2\/posts\/9663\/revisions\/9670"}],"wp:attachment":[{"href":"https:\/\/cipdonapea.educacion.navarra.es\/web\/wp-json\/wp\/v2\/media?parent=9663"}],"wp:term":[{"taxonomy":"category","embeddable":true,"href":"https:\/\/cipdonapea.educacion.navarra.es\/web\/wp-json\/wp\/v2\/categories?post=9663"},{"taxonomy":"post_tag","embeddable":true,"href":"https:\/\/cipdonapea.educacion.navarra.es\/web\/wp-json\/wp\/v2\/tags?post=9663"}],"curies":[{"name":"wp","href":"https:\/\/api.w.org\/{rel}","templated":true}]}}