{"id":9650,"date":"2023-10-11T12:23:33","date_gmt":"2023-10-11T10:23:33","guid":{"rendered":"https:\/\/cipdonapea.educacion.navarra.es\/web\/?p=9650"},"modified":"2024-02-08T12:13:08","modified_gmt":"2024-02-08T11:13:08","slug":"visita-al-planetario-de-pamplona-y-charla-con-el-astronomo-fernando-jauregi%ef%bf%bc","status":"publish","type":"post","link":"https:\/\/cipdonapea.educacion.navarra.es\/web\/actualidad\/noticias\/visita-al-planetario-de-pamplona-y-charla-con-el-astronomo-fernando-jauregi%ef%bf%bc\/","title":{"rendered":"Visita al Planetario de Pamplona y charla con el astr\u00f3nomo Fernando J\u00e1uregi"},"content":{"rendered":"\n<p>Dentro de las actividades en torno al proyecto \u00abIlargia\u00bb de innovaci\u00f3n educativa que la comunidad educativa del Grado B\u00e1sico de CIP Donapea est\u00e1 llevando a cabo durante estos meses, el pasado 15 de septiembre tuvimos la oportunidad de asistir a una sesi\u00f3n de la Escuela de Estrellas del Planetario de Pamplona con los grupos de GB, 1J y 2J. <\/p>\n\n\n\n<p>As\u00ed, vimos la proyecci\u00f3n \u00abCapcom Go! La historia del proyecto Apolo! \u00ab, y Fernando Ja\u00faregi, astrof\u00edsico del Planetario, contest\u00f3 in situ a las interesantes cuestiones en torno al Espacio en general y a La Luna en particular que los estudiantes de Grado B\u00e1sico hab\u00edan preparado para la ocasi\u00f3n. <\/p>\n\n\n\n<p>Finalizamos nuestra visita con una explicaci\u00f3n por parte de Fernando acerca del cielo que tendr\u00edamos en Pamplona durante la misma noche del 15\/09.<\/p>\n\n\n\n<figure class=\"wp-block-image size-large\"><img loading=\"lazy\" width=\"1002\" height=\"1024\" src=\"https:\/\/cipdonapea.educacion.navarra.es\/web\/wp-content\/uploads\/2023\/10\/Planetario-1002x1024.jpg\" alt=\"\" class=\"wp-image-9651\" srcset=\"https:\/\/cipdonapea.educacion.navarra.es\/web\/wp-content\/uploads\/2023\/10\/Planetario-1002x1024.jpg 1002w, https:\/\/cipdonapea.educacion.navarra.es\/web\/wp-content\/uploads\/2023\/10\/Planetario-293x300.jpg 293w, https:\/\/cipdonapea.educacion.navarra.es\/web\/wp-content\/uploads\/2023\/10\/Planetario-768x785.jpg 768w, https:\/\/cipdonapea.educacion.navarra.es\/web\/wp-content\/uploads\/2023\/10\/Planetario.jpg 1080w\" sizes=\"(max-width: 1002px) 100vw, 1002px\" \/><\/figure>\n","protected":false},"excerpt":{"rendered":"<p>Dentro de las actividades en torno al proyecto \u00abIlargia\u00bb de innovaci\u00f3n educativa que la comunidad educativa del Grado B\u00e1sico de CIP Donapea est\u00e1 llevando a cabo durante estos meses, el pasado 15 de septiembre tuvimos la oportunidad de asistir a una sesi\u00f3n de la Escuela de Estrellas del Planetario de Pamplona con los grupos de [&hellip;]<\/p>\n","protected":false},"author":1,"featured_media":0,"comment_status":"open","ping_status":"open","sticky":false,"template":"","format":"standard","meta":{"_genesis_hide_title":false,"_genesis_hide_breadcrumbs":false,"_genesis_hide_singular_image":false,"_genesis_hide_footer_widgets":false,"_genesis_custom_body_class":"","_genesis_custom_post_class":"","_genesis_layout":""},"categories":[67,3,68],"tags":[],"_links":{"self":[{"href":"https:\/\/cipdonapea.educacion.navarra.es\/web\/wp-json\/wp\/v2\/posts\/9650"}],"collection":[{"href":"https:\/\/cipdonapea.educacion.navarra.es\/web\/wp-json\/wp\/v2\/posts"}],"about":[{"href":"https:\/\/cipdonapea.educacion.navarra.es\/web\/wp-json\/wp\/v2\/types\/post"}],"author":[{"embeddable":true,"href":"https:\/\/cipdonapea.educacion.navarra.es\/web\/wp-json\/wp\/v2\/users\/1"}],"replies":[{"embeddable":true,"href":"https:\/\/cipdonapea.educacion.navarra.es\/web\/wp-json\/wp\/v2\/comments?post=9650"}],"version-history":[{"count":2,"href":"https:\/\/cipdonapea.educacion.navarra.es\/web\/wp-json\/wp\/v2\/posts\/9650\/revisions"}],"predecessor-version":[{"id":9673,"href":"https:\/\/cipdonapea.educacion.navarra.es\/web\/wp-json\/wp\/v2\/posts\/9650\/revisions\/9673"}],"wp:attachment":[{"href":"https:\/\/cipdonapea.educacion.navarra.es\/web\/wp-json\/wp\/v2\/media?parent=9650"}],"wp:term":[{"taxonomy":"category","embeddable":true,"href":"https:\/\/cipdonapea.educacion.navarra.es\/web\/wp-json\/wp\/v2\/categories?post=9650"},{"taxonomy":"post_tag","embeddable":true,"href":"https:\/\/cipdonapea.educacion.navarra.es\/web\/wp-json\/wp\/v2\/tags?post=9650"}],"curies":[{"name":"wp","href":"https:\/\/api.w.org\/{rel}","templated":true}]}}