{"id":9615,"date":"2023-10-02T12:46:46","date_gmt":"2023-10-02T10:46:46","guid":{"rendered":"https:\/\/cipdonapea.educacion.navarra.es\/web\/?p=9615"},"modified":"2024-02-08T12:14:00","modified_gmt":"2024-02-08T11:14:00","slug":"charla-adaptacion-a-la-automocion-con-movilidad-reducida","status":"publish","type":"post","link":"https:\/\/cipdonapea.educacion.navarra.es\/web\/actualidad\/noticias\/charla-adaptacion-a-la-automocion-con-movilidad-reducida\/","title":{"rendered":"Charla &#8211; Adaptaci\u00f3n a la automoci\u00f3n con movilidad reducida."},"content":{"rendered":"\n<p>El dia 27 de Septiembre se celebr\u00f3 una charla con un ex-alumno del CIP Donapea que hace dos a\u00f1os sufri\u00f3 un accidente de moto y por consecuencia se qued\u00f3 en silla de ruedas. Se llama I\u00f1aki Mujica y hace frente a su situaci\u00f3n de manera ejemplar. En la actualidad contin\u00faa llevando su propio taller de motos en la localidad de Alsasua, continuando con su pasi\u00f3n a las motos, adem\u00e1s de tener sus propios retos y proyectos, intentando adaptar motos para personas en la misma situaci\u00f3n.<\/p>\n\n\n\n<p>Esta charla surgi\u00f3 en consecuencia a una alumna que tenemos actualmente en automoci\u00f3n que persigue tambi\u00e9n su sue\u00f1o y pasi\u00f3n por los coches. De esta manera todos pudimos ver en primera mano que todo es posible, con actitud, perseverancia y con los medios adecuados. Aprovechamos la situaci\u00f3n para que I\u00f1aki nos hiciera una demostraci\u00f3n del uso de una silla adaptada para ponerse de pie y realizar ciertas tareas.<\/p>\n\n\n\n<p>El ver a gente cercana en esa situaci\u00f3n nos puso los pies en la tierra y demuestra que nadie estamos exentos de esas situaciones en la vida.<\/p>\n\n\n\n<figure class=\"wp-block-gallery has-nested-images columns-default is-cropped\">\n<figure class=\"wp-block-image size-large\"><img loading=\"lazy\" width=\"1024\" height=\"680\" data-id=\"9616\"  src=\"https:\/\/cipdonapea.educacion.navarra.es\/web\/wp-content\/uploads\/2023\/10\/CharlaAdaptaTMV2-1024x680.jpg\" alt=\"\" class=\"wp-image-9616\" srcset=\"https:\/\/cipdonapea.educacion.navarra.es\/web\/wp-content\/uploads\/2023\/10\/CharlaAdaptaTMV2-1024x680.jpg 1024w, https:\/\/cipdonapea.educacion.navarra.es\/web\/wp-content\/uploads\/2023\/10\/CharlaAdaptaTMV2-300x199.jpg 300w, https:\/\/cipdonapea.educacion.navarra.es\/web\/wp-content\/uploads\/2023\/10\/CharlaAdaptaTMV2-768x510.jpg 768w, https:\/\/cipdonapea.educacion.navarra.es\/web\/wp-content\/uploads\/2023\/10\/CharlaAdaptaTMV2-1536x1021.jpg 1536w, https:\/\/cipdonapea.educacion.navarra.es\/web\/wp-content\/uploads\/2023\/10\/CharlaAdaptaTMV2.jpg 1627w\" sizes=\"(max-width: 1024px) 100vw, 1024px\" \/><\/figure>\n\n\n\n<figure class=\"wp-block-image size-large\"><img loading=\"lazy\" width=\"1024\" height=\"729\" data-id=\"9617\"  src=\"https:\/\/cipdonapea.educacion.navarra.es\/web\/wp-content\/uploads\/2023\/10\/CharlaApataTMV1-1024x729.jpg\" alt=\"\" class=\"wp-image-9617\" srcset=\"https:\/\/cipdonapea.educacion.navarra.es\/web\/wp-content\/uploads\/2023\/10\/CharlaApataTMV1-1024x729.jpg 1024w, https:\/\/cipdonapea.educacion.navarra.es\/web\/wp-content\/uploads\/2023\/10\/CharlaApataTMV1-300x214.jpg 300w, https:\/\/cipdonapea.educacion.navarra.es\/web\/wp-content\/uploads\/2023\/10\/CharlaApataTMV1-768x547.jpg 768w, https:\/\/cipdonapea.educacion.navarra.es\/web\/wp-content\/uploads\/2023\/10\/CharlaApataTMV1.jpg 1437w\" sizes=\"(max-width: 1024px) 100vw, 1024px\" \/><\/figure>\n<\/figure>\n","protected":false},"excerpt":{"rendered":"<p>El dia 27 de Septiembre se celebr\u00f3 una charla con un ex-alumno del CIP Donapea que hace dos a\u00f1os sufri\u00f3 un accidente de moto y por consecuencia se qued\u00f3 en silla de ruedas. Se llama I\u00f1aki Mujica y hace frente a su situaci\u00f3n de manera ejemplar. En la actualidad contin\u00faa llevando su propio taller de [&hellip;]<\/p>\n","protected":false},"author":1,"featured_media":0,"comment_status":"open","ping_status":"open","sticky":false,"template":"","format":"standard","meta":{"_genesis_hide_title":false,"_genesis_hide_breadcrumbs":false,"_genesis_hide_singular_image":false,"_genesis_hide_footer_widgets":false,"_genesis_custom_body_class":"","_genesis_custom_post_class":"","_genesis_layout":""},"categories":[37,3,14],"tags":[],"_links":{"self":[{"href":"https:\/\/cipdonapea.educacion.navarra.es\/web\/wp-json\/wp\/v2\/posts\/9615"}],"collection":[{"href":"https:\/\/cipdonapea.educacion.navarra.es\/web\/wp-json\/wp\/v2\/posts"}],"about":[{"href":"https:\/\/cipdonapea.educacion.navarra.es\/web\/wp-json\/wp\/v2\/types\/post"}],"author":[{"embeddable":true,"href":"https:\/\/cipdonapea.educacion.navarra.es\/web\/wp-json\/wp\/v2\/users\/1"}],"replies":[{"embeddable":true,"href":"https:\/\/cipdonapea.educacion.navarra.es\/web\/wp-json\/wp\/v2\/comments?post=9615"}],"version-history":[{"count":2,"href":"https:\/\/cipdonapea.educacion.navarra.es\/web\/wp-json\/wp\/v2\/posts\/9615\/revisions"}],"predecessor-version":[{"id":9625,"href":"https:\/\/cipdonapea.educacion.navarra.es\/web\/wp-json\/wp\/v2\/posts\/9615\/revisions\/9625"}],"wp:attachment":[{"href":"https:\/\/cipdonapea.educacion.navarra.es\/web\/wp-json\/wp\/v2\/media?parent=9615"}],"wp:term":[{"taxonomy":"category","embeddable":true,"href":"https:\/\/cipdonapea.educacion.navarra.es\/web\/wp-json\/wp\/v2\/categories?post=9615"},{"taxonomy":"post_tag","embeddable":true,"href":"https:\/\/cipdonapea.educacion.navarra.es\/web\/wp-json\/wp\/v2\/tags?post=9615"}],"curies":[{"name":"wp","href":"https:\/\/api.w.org\/{rel}","templated":true}]}}