{"id":8692,"date":"2023-04-18T08:40:20","date_gmt":"2023-04-18T06:40:20","guid":{"rendered":"https:\/\/cipdonapea.educacion.navarra.es\/web\/?p=8692"},"modified":"2024-02-08T12:17:09","modified_gmt":"2024-02-08T11:17:09","slug":"alumnado-de-donapea-participa-en-el-cierre-del-proyecto-la-gran-fuga-ihesaldi-handia%ef%bf%bc","status":"publish","type":"post","link":"https:\/\/cipdonapea.educacion.navarra.es\/web\/actualidad\/noticias\/alumnado-de-donapea-participa-en-el-cierre-del-proyecto-la-gran-fuga-ihesaldi-handia%ef%bf%bc\/","title":{"rendered":"Alumnado de Donapea participa en el cierre del proyecto \u00abLa Gran Fuga \/ Ihesaldi Handia\u00bb\ufffc"},"content":{"rendered":"\n<p>El pasado mi\u00e9rcoles 5 de abril, el alumnado del Grado B\u00e1sico de Servicios Administrativos y del Grado Superior en Sistemas de Telecomunicaciones e Inform\u00e1ticos, particip\u00f3 en la jornada de clausura de \u00abLa Gran Fuga\/Ihesaldi Handia\u00bb, un proyecto educativo intercentros e interdisciplinar enmarcado en el programa \u00abEscuelas con Memoria\u00bb del Instituto Navarro de la Memoria, con el que colabora el Departamento de Educaci\u00f3n del Gobierno de Navarra. <\/p>\n\n\n\n<figure class=\"wp-block-gallery has-nested-images columns-default is-cropped\">\n<figure class=\"wp-block-image size-large\"><img loading=\"lazy\" width=\"315\" height=\"369\" data-id=\"8693\"  src=\"https:\/\/cipdonapea.educacion.navarra.es\/web\/wp-content\/uploads\/2023\/04\/Oihan.jpg\" alt=\"\" class=\"wp-image-8693\" srcset=\"https:\/\/cipdonapea.educacion.navarra.es\/web\/wp-content\/uploads\/2023\/04\/Oihan.jpg 315w, https:\/\/cipdonapea.educacion.navarra.es\/web\/wp-content\/uploads\/2023\/04\/Oihan-256x300.jpg 256w\" sizes=\"(max-width: 315px) 100vw, 315px\" \/><\/figure>\n\n\n\n<figure class=\"wp-block-image size-large\"><img loading=\"lazy\" width=\"265\" height=\"210\" data-id=\"8694\"  src=\"https:\/\/cipdonapea.educacion.navarra.es\/web\/wp-content\/uploads\/2023\/04\/foto-Ezkaba.jpg\" alt=\"\" class=\"wp-image-8694\"\/><\/figure>\n<\/figure>\n\n\n\n<p>En esta edici\u00f3n, 400 alumnos aproximadamente accedieron durante la ma\u00f1ana del 5 de abril a pie a la cima del monte Ezkaba\/San Crist\u00f3bal, mientras que otros 100 realizaron las pruebas f\u00edsico-deportivas de una \u00abmendi escape\u00bb organizada por estudiantes de otro centro escolar participante. <\/p>\n\n\n\n<p>El objetivo del proyecto \u00abLa Gran Fuga\/Ihesaldi Handia\u00bb es servir de punto de encuentro entre el mundo educativo y las pol\u00edticas p\u00fablicas de memoria, con el fin de desarrollar el pensamiento cr\u00edtico de las generaciones m\u00e1s j\u00f3venes para que, mirando al pasado, intentemos, con esp\u00edritu cr\u00edtico, no caer en los mismos errores en el futuro. <\/p>\n\n\n\n<p>Es justo por el antiguo penal de Ezkaba\/San Crist\u00f3bal por donde pasaron miles de personas tras el golpe de Estado de 1936. De entre los encarcelados, el 22 de mayo del a\u00f1o 1938, centenares de ellos&nbsp; protagonizaron la huida del penal, siendo su inmensa mayor\u00eda apresados y asesinados en los d\u00edas posteriores. Para recordarlos y reivindicar el derecho y el deber al no olvido y a la reparaci\u00f3n, el acto final de la jornada festiva del 5 de abril tuvo como colof\u00f3n las intervenciones del alumnado participante en el proyecto -mediante la explicaci\u00f3n de los proyectos de Centro desarrollados-, as\u00ed como las de los cargos institucionales navarros presentes en Ezkaba para la ocasi\u00f3n.<\/p>\n\n\n\n<figure class=\"wp-block-image size-large\"><img loading=\"lazy\" width=\"1024\" height=\"642\" src=\"https:\/\/cipdonapea.educacion.navarra.es\/web\/wp-content\/uploads\/2023\/04\/Foto-de-Alicia-1024x642.jpg\" alt=\"\" class=\"wp-image-8699\" srcset=\"https:\/\/cipdonapea.educacion.navarra.es\/web\/wp-content\/uploads\/2023\/04\/Foto-de-Alicia-1024x642.jpg 1024w, https:\/\/cipdonapea.educacion.navarra.es\/web\/wp-content\/uploads\/2023\/04\/Foto-de-Alicia-300x188.jpg 300w, https:\/\/cipdonapea.educacion.navarra.es\/web\/wp-content\/uploads\/2023\/04\/Foto-de-Alicia-768x481.jpg 768w, https:\/\/cipdonapea.educacion.navarra.es\/web\/wp-content\/uploads\/2023\/04\/Foto-de-Alicia.jpg 1435w\" sizes=\"(max-width: 1024px) 100vw, 1024px\" \/><\/figure>\n","protected":false},"excerpt":{"rendered":"<p>El pasado mi\u00e9rcoles 5 de abril, el alumnado del Grado B\u00e1sico de Servicios Administrativos y del Grado Superior en Sistemas de Telecomunicaciones e Inform\u00e1ticos, particip\u00f3 en la jornada de clausura de \u00abLa Gran Fuga\/Ihesaldi Handia\u00bb, un proyecto educativo intercentros e interdisciplinar enmarcado en el programa \u00abEscuelas con Memoria\u00bb del Instituto Navarro de la Memoria, con [&hellip;]<\/p>\n","protected":false},"author":1,"featured_media":0,"comment_status":"open","ping_status":"open","sticky":false,"template":"","format":"standard","meta":{"_genesis_hide_title":false,"_genesis_hide_breadcrumbs":false,"_genesis_hide_singular_image":false,"_genesis_hide_footer_widgets":false,"_genesis_custom_body_class":"","_genesis_custom_post_class":"","_genesis_layout":""},"categories":[39,67,3,43,68],"tags":[],"_links":{"self":[{"href":"https:\/\/cipdonapea.educacion.navarra.es\/web\/wp-json\/wp\/v2\/posts\/8692"}],"collection":[{"href":"https:\/\/cipdonapea.educacion.navarra.es\/web\/wp-json\/wp\/v2\/posts"}],"about":[{"href":"https:\/\/cipdonapea.educacion.navarra.es\/web\/wp-json\/wp\/v2\/types\/post"}],"author":[{"embeddable":true,"href":"https:\/\/cipdonapea.educacion.navarra.es\/web\/wp-json\/wp\/v2\/users\/1"}],"replies":[{"embeddable":true,"href":"https:\/\/cipdonapea.educacion.navarra.es\/web\/wp-json\/wp\/v2\/comments?post=8692"}],"version-history":[{"count":2,"href":"https:\/\/cipdonapea.educacion.navarra.es\/web\/wp-json\/wp\/v2\/posts\/8692\/revisions"}],"predecessor-version":[{"id":10200,"href":"https:\/\/cipdonapea.educacion.navarra.es\/web\/wp-json\/wp\/v2\/posts\/8692\/revisions\/10200"}],"wp:attachment":[{"href":"https:\/\/cipdonapea.educacion.navarra.es\/web\/wp-json\/wp\/v2\/media?parent=8692"}],"wp:term":[{"taxonomy":"category","embeddable":true,"href":"https:\/\/cipdonapea.educacion.navarra.es\/web\/wp-json\/wp\/v2\/categories?post=8692"},{"taxonomy":"post_tag","embeddable":true,"href":"https:\/\/cipdonapea.educacion.navarra.es\/web\/wp-json\/wp\/v2\/tags?post=8692"}],"curies":[{"name":"wp","href":"https:\/\/api.w.org\/{rel}","templated":true}]}}