{"id":7742,"date":"2022-11-04T09:38:18","date_gmt":"2022-11-04T08:38:18","guid":{"rendered":"https:\/\/cipdonapea.educacion.navarra.es\/web\/?p=7742"},"modified":"2024-02-08T12:30:18","modified_gmt":"2024-02-08T11:30:18","slug":"visita-a-las-instituciones-navarras-2","status":"publish","type":"post","link":"https:\/\/cipdonapea.educacion.navarra.es\/web\/actualidad\/noticias\/visita-a-las-instituciones-navarras-2\/","title":{"rendered":"Visita a las instituciones navarras"},"content":{"rendered":"\n<p>El d\u00eda 2 de noviembre el alumnado de 2\u00ba del Ciclo Superior de Administraci\u00f3n y Finanzas visit\u00f3 el Parlamento de Navarra, la C\u00e1mara de Cuentas de Navarra y el Ayuntamiento de Pamplona.<\/p>\n\n\n\n<p>Es una salida que se enmarca en el m\u00f3dulo de Gesti\u00f3n de Documentaci\u00f3n Legal y Empresarial. Esta ha sido la primera actividad extraescolar despu\u00e9s de la pandemia y podemos decir que nos recibieron muy bien en las tres organizaciones.<\/p>\n\n\n\n<figure class=\"wp-block-image size-large\"><img loading=\"lazy\" width=\"1024\" height=\"894\" src=\"https:\/\/cipdonapea.educacion.navarra.es\/web\/wp-content\/uploads\/2022\/11\/parlamentuaADM1-1-1024x894.jpg\" alt=\"\" class=\"wp-image-7752\" srcset=\"https:\/\/cipdonapea.educacion.navarra.es\/web\/wp-content\/uploads\/2022\/11\/parlamentuaADM1-1-1024x894.jpg 1024w, https:\/\/cipdonapea.educacion.navarra.es\/web\/wp-content\/uploads\/2022\/11\/parlamentuaADM1-1-300x262.jpg 300w, https:\/\/cipdonapea.educacion.navarra.es\/web\/wp-content\/uploads\/2022\/11\/parlamentuaADM1-1-768x670.jpg 768w, https:\/\/cipdonapea.educacion.navarra.es\/web\/wp-content\/uploads\/2022\/11\/parlamentuaADM1-1-1536x1341.jpg 1536w, https:\/\/cipdonapea.educacion.navarra.es\/web\/wp-content\/uploads\/2022\/11\/parlamentuaADM1-1-2048x1788.jpg 2048w\" sizes=\"(max-width: 1024px) 100vw, 1024px\" \/><\/figure>\n\n\n\n<figure class=\"wp-block-image size-large\"><img loading=\"lazy\" width=\"1024\" height=\"681\" src=\"https:\/\/cipdonapea.educacion.navarra.es\/web\/wp-content\/uploads\/2022\/11\/parlamentuaADM2-1024x681.jpg\" alt=\"\" class=\"wp-image-7746\" srcset=\"https:\/\/cipdonapea.educacion.navarra.es\/web\/wp-content\/uploads\/2022\/11\/parlamentuaADM2-1024x681.jpg 1024w, https:\/\/cipdonapea.educacion.navarra.es\/web\/wp-content\/uploads\/2022\/11\/parlamentuaADM2-300x199.jpg 300w, https:\/\/cipdonapea.educacion.navarra.es\/web\/wp-content\/uploads\/2022\/11\/parlamentuaADM2-768x510.jpg 768w, https:\/\/cipdonapea.educacion.navarra.es\/web\/wp-content\/uploads\/2022\/11\/parlamentuaADM2.jpg 1351w\" sizes=\"(max-width: 1024px) 100vw, 1024px\" \/><\/figure>\n","protected":false},"excerpt":{"rendered":"<p>El d\u00eda 2 de noviembre el alumnado de 2\u00ba del Ciclo Superior de Administraci\u00f3n y Finanzas visit\u00f3 el Parlamento de Navarra, la C\u00e1mara de Cuentas de Navarra y el Ayuntamiento de Pamplona. Es una salida que se enmarca en el m\u00f3dulo de Gesti\u00f3n de Documentaci\u00f3n Legal y Empresarial. Esta ha sido la primera actividad extraescolar [&hellip;]<\/p>\n","protected":false},"author":1,"featured_media":0,"comment_status":"open","ping_status":"open","sticky":false,"template":"","format":"standard","meta":{"_genesis_hide_title":false,"_genesis_hide_breadcrumbs":false,"_genesis_hide_singular_image":false,"_genesis_hide_footer_widgets":false,"_genesis_custom_body_class":"","_genesis_custom_post_class":"","_genesis_layout":""},"categories":[27,3,13],"tags":[],"_links":{"self":[{"href":"https:\/\/cipdonapea.educacion.navarra.es\/web\/wp-json\/wp\/v2\/posts\/7742"}],"collection":[{"href":"https:\/\/cipdonapea.educacion.navarra.es\/web\/wp-json\/wp\/v2\/posts"}],"about":[{"href":"https:\/\/cipdonapea.educacion.navarra.es\/web\/wp-json\/wp\/v2\/types\/post"}],"author":[{"embeddable":true,"href":"https:\/\/cipdonapea.educacion.navarra.es\/web\/wp-json\/wp\/v2\/users\/1"}],"replies":[{"embeddable":true,"href":"https:\/\/cipdonapea.educacion.navarra.es\/web\/wp-json\/wp\/v2\/comments?post=7742"}],"version-history":[{"count":2,"href":"https:\/\/cipdonapea.educacion.navarra.es\/web\/wp-json\/wp\/v2\/posts\/7742\/revisions"}],"predecessor-version":[{"id":7755,"href":"https:\/\/cipdonapea.educacion.navarra.es\/web\/wp-json\/wp\/v2\/posts\/7742\/revisions\/7755"}],"wp:attachment":[{"href":"https:\/\/cipdonapea.educacion.navarra.es\/web\/wp-json\/wp\/v2\/media?parent=7742"}],"wp:term":[{"taxonomy":"category","embeddable":true,"href":"https:\/\/cipdonapea.educacion.navarra.es\/web\/wp-json\/wp\/v2\/categories?post=7742"},{"taxonomy":"post_tag","embeddable":true,"href":"https:\/\/cipdonapea.educacion.navarra.es\/web\/wp-json\/wp\/v2\/tags?post=7742"}],"curies":[{"name":"wp","href":"https:\/\/api.w.org\/{rel}","templated":true}]}}