{"id":7728,"date":"2022-11-02T12:27:09","date_gmt":"2022-11-02T11:27:09","guid":{"rendered":"https:\/\/cipdonapea.educacion.navarra.es\/web\/?p=7728"},"modified":"2024-02-08T12:30:55","modified_gmt":"2024-02-08T11:30:55","slug":"visita-de-profesoras-alemanas-a-donapea","status":"publish","type":"post","link":"https:\/\/cipdonapea.educacion.navarra.es\/web\/actualidad\/noticias\/visita-de-profesoras-alemanas-a-donapea\/","title":{"rendered":"Visita de profesoras alemanas a Donapea"},"content":{"rendered":"\n<p>El pasado 28 de octubre, las profesoras alemanas Claudia y Ute nos hicieron una visita dando cierre a su ronda por otros centros de Navarra a lo largo de la semana. <\/p>\n\n\n\n<p>Fueron atendidas por la Responsable de Internacionalizaci\u00f3n Carmen Rodrigo, la Directora Libertad Mart\u00ednez y por el Jefe del Departamento de Electr\u00f3nica Joxean Azpiazu. Visitaron las instalaciones de nuestro Centro y acudieron a clases de Administrativo, Electr\u00f3nica e Ingl\u00e9s.<\/p>\n\n\n\n<p>Las clases de Administrativo fueron por cuenta de la profesora M\u00f3nica Mediavilla (en ingl\u00e9s), las de Electr\u00f3nica las impartieron Joxean Azpiazu y Mikel Bilbao, y la de Ingl\u00e9s fue impartida por la profesora Amaia Mart\u00ednez-Pantoja que las atendi\u00f3 tambi\u00e9n despu\u00e9s de las clases. Agradecer a todos y todas su trabajo y disposici\u00f3n, y agradecer tambi\u00e9n al profesor de Automoci\u00f3n Raul Puente por mostrar sus instalaciones en alem\u00e1n.<\/p>\n\n\n\n<figure class=\"wp-block-image size-large\"><img loading=\"lazy\" width=\"1024\" height=\"754\" src=\"https:\/\/cipdonapea.educacion.navarra.es\/web\/wp-content\/uploads\/2022\/11\/VisitaAlemanas-1024x754.jpg\" alt=\"\" class=\"wp-image-7729\" srcset=\"https:\/\/cipdonapea.educacion.navarra.es\/web\/wp-content\/uploads\/2022\/11\/VisitaAlemanas-1024x754.jpg 1024w, https:\/\/cipdonapea.educacion.navarra.es\/web\/wp-content\/uploads\/2022\/11\/VisitaAlemanas-300x221.jpg 300w, https:\/\/cipdonapea.educacion.navarra.es\/web\/wp-content\/uploads\/2022\/11\/VisitaAlemanas-768x565.jpg 768w, https:\/\/cipdonapea.educacion.navarra.es\/web\/wp-content\/uploads\/2022\/11\/VisitaAlemanas-1536x1131.jpg 1536w, https:\/\/cipdonapea.educacion.navarra.es\/web\/wp-content\/uploads\/2022\/11\/VisitaAlemanas-2048x1508.jpg 2048w\" sizes=\"(max-width: 1024px) 100vw, 1024px\" \/><\/figure>\n","protected":false},"excerpt":{"rendered":"<p>El pasado 28 de octubre, las profesoras alemanas Claudia y Ute nos hicieron una visita dando cierre a su ronda por otros centros de Navarra a lo largo de la semana. Fueron atendidas por la Responsable de Internacionalizaci\u00f3n Carmen Rodrigo, la Directora Libertad Mart\u00ednez y por el Jefe del Departamento de Electr\u00f3nica Joxean Azpiazu. Visitaron [&hellip;]<\/p>\n","protected":false},"author":1,"featured_media":0,"comment_status":"open","ping_status":"open","sticky":false,"template":"","format":"standard","meta":{"_genesis_hide_title":false,"_genesis_hide_breadcrumbs":false,"_genesis_hide_singular_image":false,"_genesis_hide_footer_widgets":false,"_genesis_custom_body_class":"","_genesis_custom_post_class":"","_genesis_layout":""},"categories":[27,39,67,3,13,43,68],"tags":[],"_links":{"self":[{"href":"https:\/\/cipdonapea.educacion.navarra.es\/web\/wp-json\/wp\/v2\/posts\/7728"}],"collection":[{"href":"https:\/\/cipdonapea.educacion.navarra.es\/web\/wp-json\/wp\/v2\/posts"}],"about":[{"href":"https:\/\/cipdonapea.educacion.navarra.es\/web\/wp-json\/wp\/v2\/types\/post"}],"author":[{"embeddable":true,"href":"https:\/\/cipdonapea.educacion.navarra.es\/web\/wp-json\/wp\/v2\/users\/1"}],"replies":[{"embeddable":true,"href":"https:\/\/cipdonapea.educacion.navarra.es\/web\/wp-json\/wp\/v2\/comments?post=7728"}],"version-history":[{"count":4,"href":"https:\/\/cipdonapea.educacion.navarra.es\/web\/wp-json\/wp\/v2\/posts\/7728\/revisions"}],"predecessor-version":[{"id":7740,"href":"https:\/\/cipdonapea.educacion.navarra.es\/web\/wp-json\/wp\/v2\/posts\/7728\/revisions\/7740"}],"wp:attachment":[{"href":"https:\/\/cipdonapea.educacion.navarra.es\/web\/wp-json\/wp\/v2\/media?parent=7728"}],"wp:term":[{"taxonomy":"category","embeddable":true,"href":"https:\/\/cipdonapea.educacion.navarra.es\/web\/wp-json\/wp\/v2\/categories?post=7728"},{"taxonomy":"post_tag","embeddable":true,"href":"https:\/\/cipdonapea.educacion.navarra.es\/web\/wp-json\/wp\/v2\/tags?post=7728"}],"curies":[{"name":"wp","href":"https:\/\/api.w.org\/{rel}","templated":true}]}}