{"id":7409,"date":"2022-06-16T16:12:10","date_gmt":"2022-06-16T14:12:10","guid":{"rendered":"https:\/\/cipdonapea.educacion.navarra.es\/web\/?p=7409"},"modified":"2024-02-08T12:32:28","modified_gmt":"2024-02-08T11:32:28","slug":"alumnado-del-ciclo-de-electromecanica-de-vehiculos-visita-geldern-alemania","status":"publish","type":"post","link":"https:\/\/cipdonapea.educacion.navarra.es\/web\/departamentos\/dep-automocion\/noticias-automocion\/alumnado-del-ciclo-de-electromecanica-de-vehiculos-visita-geldern-alemania\/","title":{"rendered":"Alumnado del Ciclo de Electromec\u00e1nica de Veh\u00edculos visita Geldern (Alemania)"},"content":{"rendered":"\n<p>En el marco del programa Erasmus+, 9 alumnos y 1 alumna del ciclo de Electromec\u00e1nica de Veh\u00edculos salieron el d\u00eda 6 de mayo rumbo a Geldern (Alemania), donde realizaron pr\u00e1cticas formativas en talleres y empresas del \u00e1mbito de la automoci\u00f3n. <\/p>\n\n\n\n<p>Dicha experiencia tuvo una duraci\u00f3n de 17 d\u00edas y se enmarca dentro de la colaboraci\u00f3n que el CIP Donapea viene realizando desde 2019 con el centro de formaci\u00f3n alem\u00e1n <a href=\"https:\/\/www.berufskolleg-geldern.de\/\" data-type=\"URL\" data-id=\"https:\/\/www.berufskolleg-geldern.de\/\">BerufsKolleg Geldern<\/a>.<\/p>\n\n\n\n<p>Tanto el alumnado participante como el profesorado han valorado muy positivamente todas las actividades que realizaron en Alemania, por lo que esperamos continuar con el intercambio en pr\u00f3ximos cursos.<\/p>\n\n\n\n<figure class=\"wp-block-image size-full\"><img loading=\"lazy\" width=\"1024\" height=\"551\" src=\"https:\/\/cipdonapea.educacion.navarra.es\/web\/wp-content\/uploads\/2022\/06\/IMG_20220506_104719837_HDR.jpg\" alt=\"\" class=\"wp-image-7403\" srcset=\"https:\/\/cipdonapea.educacion.navarra.es\/web\/wp-content\/uploads\/2022\/06\/IMG_20220506_104719837_HDR.jpg 1024w, https:\/\/cipdonapea.educacion.navarra.es\/web\/wp-content\/uploads\/2022\/06\/IMG_20220506_104719837_HDR-300x161.jpg 300w, https:\/\/cipdonapea.educacion.navarra.es\/web\/wp-content\/uploads\/2022\/06\/IMG_20220506_104719837_HDR-768x413.jpg 768w\" sizes=\"(max-width: 1024px) 100vw, 1024px\" \/><figcaption>Despedida en el CIP Donapea<\/figcaption><\/figure>\n\n\n\n<figure class=\"wp-block-image size-full\"><img loading=\"lazy\" width=\"1008\" height=\"756\" src=\"https:\/\/cipdonapea.educacion.navarra.es\/web\/wp-content\/uploads\/2022\/06\/IMG-2158.jpg\" alt=\"\" class=\"wp-image-7405\" srcset=\"https:\/\/cipdonapea.educacion.navarra.es\/web\/wp-content\/uploads\/2022\/06\/IMG-2158.jpg 1008w, https:\/\/cipdonapea.educacion.navarra.es\/web\/wp-content\/uploads\/2022\/06\/IMG-2158-300x225.jpg 300w, https:\/\/cipdonapea.educacion.navarra.es\/web\/wp-content\/uploads\/2022\/06\/IMG-2158-768x576.jpg 768w\" sizes=\"(max-width: 1008px) 100vw, 1008px\" \/><figcaption>Visita al museo del autom\u00f3vil en D\u00fcsseldorf<\/figcaption><\/figure>\n\n\n\n<figure class=\"wp-block-image size-large\"><img loading=\"lazy\" width=\"1024\" height=\"461\" src=\"https:\/\/cipdonapea.educacion.navarra.es\/web\/wp-content\/uploads\/2022\/06\/IMG_20220508_152209-1024x461.jpg\" alt=\"\" class=\"wp-image-7407\" srcset=\"https:\/\/cipdonapea.educacion.navarra.es\/web\/wp-content\/uploads\/2022\/06\/IMG_20220508_152209-1024x461.jpg 1024w, https:\/\/cipdonapea.educacion.navarra.es\/web\/wp-content\/uploads\/2022\/06\/IMG_20220508_152209-300x135.jpg 300w, https:\/\/cipdonapea.educacion.navarra.es\/web\/wp-content\/uploads\/2022\/06\/IMG_20220508_152209-768x346.jpg 768w, https:\/\/cipdonapea.educacion.navarra.es\/web\/wp-content\/uploads\/2022\/06\/IMG_20220508_152209.jpg 1440w\" sizes=\"(max-width: 1024px) 100vw, 1024px\" \/><figcaption>Visita a Colonia<\/figcaption><\/figure>\n\n\n\n<figure class=\"wp-block-image size-large\"><img loading=\"lazy\" width=\"1024\" height=\"215\" src=\"https:\/\/cipdonapea.educacion.navarra.es\/web\/wp-content\/uploads\/2022\/05\/es_cofinanciado_por_la_union_europea_pos-1-1024x215.png\" alt=\"\" class=\"wp-image-7137\" srcset=\"https:\/\/cipdonapea.educacion.navarra.es\/web\/wp-content\/uploads\/2022\/05\/es_cofinanciado_por_la_union_europea_pos-1-1024x215.png 1024w, https:\/\/cipdonapea.educacion.navarra.es\/web\/wp-content\/uploads\/2022\/05\/es_cofinanciado_por_la_union_europea_pos-1-300x63.png 300w, https:\/\/cipdonapea.educacion.navarra.es\/web\/wp-content\/uploads\/2022\/05\/es_cofinanciado_por_la_union_europea_pos-1-768x161.png 768w, https:\/\/cipdonapea.educacion.navarra.es\/web\/wp-content\/uploads\/2022\/05\/es_cofinanciado_por_la_union_europea_pos-1-1536x322.png 1536w, https:\/\/cipdonapea.educacion.navarra.es\/web\/wp-content\/uploads\/2022\/05\/es_cofinanciado_por_la_union_europea_pos-1-2048x429.png 2048w\" sizes=\"(max-width: 1024px) 100vw, 1024px\" \/><\/figure>\n\n\n\n<figure class=\"wp-block-gallery has-nested-images columns-default is-cropped\">\n<figure class=\"wp-block-image size-large\"><img loading=\"lazy\" width=\"400\" height=\"148\" data-id=\"7140\"  src=\"https:\/\/cipdonapea.educacion.navarra.es\/web\/wp-content\/uploads\/2022\/05\/SEPIE_erasmus_plus.gif\" alt=\"\" class=\"wp-image-7140\" \/><\/figure>\n<\/figure>\n","protected":false},"excerpt":{"rendered":"<p>En el marco del programa Erasmus+, 9 alumnos y 1 alumna del ciclo de Electromec\u00e1nica de Veh\u00edculos salieron el d\u00eda 6 de mayo rumbo a Geldern (Alemania), donde realizaron pr\u00e1cticas formativas en talleres y empresas del \u00e1mbito de la automoci\u00f3n. Dicha experiencia tuvo una duraci\u00f3n de 17 d\u00edas y se enmarca dentro de la colaboraci\u00f3n [&hellip;]<\/p>\n","protected":false},"author":16,"featured_media":7405,"comment_status":"open","ping_status":"open","sticky":false,"template":"","format":"standard","meta":{"_genesis_hide_title":false,"_genesis_hide_breadcrumbs":false,"_genesis_hide_singular_image":false,"_genesis_hide_footer_widgets":false,"_genesis_custom_body_class":"","_genesis_custom_post_class":"","_genesis_layout":""},"categories":[37,79,14],"tags":[],"_links":{"self":[{"href":"https:\/\/cipdonapea.educacion.navarra.es\/web\/wp-json\/wp\/v2\/posts\/7409"}],"collection":[{"href":"https:\/\/cipdonapea.educacion.navarra.es\/web\/wp-json\/wp\/v2\/posts"}],"about":[{"href":"https:\/\/cipdonapea.educacion.navarra.es\/web\/wp-json\/wp\/v2\/types\/post"}],"author":[{"embeddable":true,"href":"https:\/\/cipdonapea.educacion.navarra.es\/web\/wp-json\/wp\/v2\/users\/16"}],"replies":[{"embeddable":true,"href":"https:\/\/cipdonapea.educacion.navarra.es\/web\/wp-json\/wp\/v2\/comments?post=7409"}],"version-history":[{"count":2,"href":"https:\/\/cipdonapea.educacion.navarra.es\/web\/wp-json\/wp\/v2\/posts\/7409\/revisions"}],"predecessor-version":[{"id":7412,"href":"https:\/\/cipdonapea.educacion.navarra.es\/web\/wp-json\/wp\/v2\/posts\/7409\/revisions\/7412"}],"wp:featuredmedia":[{"embeddable":true,"href":"https:\/\/cipdonapea.educacion.navarra.es\/web\/wp-json\/wp\/v2\/media\/7405"}],"wp:attachment":[{"href":"https:\/\/cipdonapea.educacion.navarra.es\/web\/wp-json\/wp\/v2\/media?parent=7409"}],"wp:term":[{"taxonomy":"category","embeddable":true,"href":"https:\/\/cipdonapea.educacion.navarra.es\/web\/wp-json\/wp\/v2\/categories?post=7409"},{"taxonomy":"post_tag","embeddable":true,"href":"https:\/\/cipdonapea.educacion.navarra.es\/web\/wp-json\/wp\/v2\/tags?post=7409"}],"curies":[{"name":"wp","href":"https:\/\/api.w.org\/{rel}","templated":true}]}}