{"id":7121,"date":"2022-05-02T18:05:15","date_gmt":"2022-05-02T16:05:15","guid":{"rendered":"https:\/\/cipdonapea.educacion.navarra.es\/web\/?p=7121"},"modified":"2024-02-08T12:37:23","modified_gmt":"2024-02-08T11:37:23","slug":"alumnado-y-profesorado-del-berufskolleg-geldern-des-kreises-kleve-visitan-donapea","status":"publish","type":"post","link":"https:\/\/cipdonapea.educacion.navarra.es\/web\/actualidad\/noticias\/alumnado-y-profesorado-del-berufskolleg-geldern-des-kreises-kleve-visitan-donapea\/","title":{"rendered":"Alumnado y profesorado del Berufskolleg Geldern des Kreises Kleve visitan Donapea"},"content":{"rendered":"\n<p>Desde el d\u00eda 25 de abril hasta el d\u00eda 6 de mayo, cuatro alumnos alemanes del <a href=\"https:\/\/www.berufskolleg-geldern.de\/\" data-type=\"URL\" data-id=\"https:\/\/www.berufskolleg-geldern.de\/\">Berufskolleg Geldern des Kreises Kleve<\/a>, se encuentran haciendo pr\u00e1cticas de automoci\u00f3n en los talleres del CIP Donapea bajo la supervisi\u00f3n del profesorado del Departamento de Automoci\u00f3n, al cual queremos agradecer desde aqu\u00ed su implicaci\u00f3n en el programa de intercambio de alumnado entre nuestros centros.<\/p>\n\n\n\n<p>Tambi\u00e9n hemos recibido la visita del Director del centro alem\u00e1n, Andreas Boland, la encargada de la internacionalizaci\u00f3n, Verena Van Beek y un profesor, J\u00f6rn Bilkeroth. Dicha visita ha tenido como objetivo principal el conocernos y estrechar lazos para futuras colaboraciones e intercambios de alumnado y profesorado.<\/p>\n\n\n\n<p>Desde el d\u00eda 6 de mayo hasta el 21 de mayo, un grupo de 10 alumnos del ciclo de Electromec\u00e1nica de Veh\u00edculos realizar\u00e1 pr\u00e1cticas en el centro de Geldern (Alemania) y en empresas de la zona. Para ello ir\u00e1n acompa\u00f1ados de dos profesores del Departamento de Automoci\u00f3n.  <\/p>\n\n\n\n<p>Desde el CIP Donapea queremos desearos una feliz estancia!!!<\/p>\n\n\n\n<figure class=\"wp-block-image size-full\"><img loading=\"lazy\" width=\"664\" height=\"472\" src=\"https:\/\/cipdonapea.educacion.navarra.es\/web\/wp-content\/uploads\/2022\/05\/1651218208211-1024x472-al.jpg\" alt=\"\" class=\"wp-image-7143\" srcset=\"https:\/\/cipdonapea.educacion.navarra.es\/web\/wp-content\/uploads\/2022\/05\/1651218208211-1024x472-al.jpg 664w, https:\/\/cipdonapea.educacion.navarra.es\/web\/wp-content\/uploads\/2022\/05\/1651218208211-1024x472-al-300x213.jpg 300w\" sizes=\"(max-width: 664px) 100vw, 664px\" \/><\/figure>\n\n\n\n<figure class=\"wp-block-image size-large\"><img loading=\"lazy\" width=\"1024\" height=\"472\" src=\"https:\/\/cipdonapea.educacion.navarra.es\/web\/wp-content\/uploads\/2022\/05\/1651218208356-1024x472.jpg\" alt=\"\" class=\"wp-image-7128\" srcset=\"https:\/\/cipdonapea.educacion.navarra.es\/web\/wp-content\/uploads\/2022\/05\/1651218208356-1024x472.jpg 1024w, https:\/\/cipdonapea.educacion.navarra.es\/web\/wp-content\/uploads\/2022\/05\/1651218208356-300x138.jpg 300w, https:\/\/cipdonapea.educacion.navarra.es\/web\/wp-content\/uploads\/2022\/05\/1651218208356-768x354.jpg 768w, https:\/\/cipdonapea.educacion.navarra.es\/web\/wp-content\/uploads\/2022\/05\/1651218208356-1536x708.jpg 1536w, https:\/\/cipdonapea.educacion.navarra.es\/web\/wp-content\/uploads\/2022\/05\/1651218208356-2048x945.jpg 2048w\" sizes=\"(max-width: 1024px) 100vw, 1024px\" \/><\/figure>\n\n\n\n<figure class=\"wp-block-image size-large\"><img loading=\"lazy\" width=\"1024\" height=\"472\" src=\"https:\/\/cipdonapea.educacion.navarra.es\/web\/wp-content\/uploads\/2022\/05\/1651218208265-1024x472.jpg\" alt=\"\" class=\"wp-image-7126\" srcset=\"https:\/\/cipdonapea.educacion.navarra.es\/web\/wp-content\/uploads\/2022\/05\/1651218208265-1024x472.jpg 1024w, https:\/\/cipdonapea.educacion.navarra.es\/web\/wp-content\/uploads\/2022\/05\/1651218208265-300x138.jpg 300w, https:\/\/cipdonapea.educacion.navarra.es\/web\/wp-content\/uploads\/2022\/05\/1651218208265-768x354.jpg 768w, https:\/\/cipdonapea.educacion.navarra.es\/web\/wp-content\/uploads\/2022\/05\/1651218208265-1536x708.jpg 1536w, https:\/\/cipdonapea.educacion.navarra.es\/web\/wp-content\/uploads\/2022\/05\/1651218208265-2048x945.jpg 2048w\" sizes=\"(max-width: 1024px) 100vw, 1024px\" \/><\/figure>\n\n\n\n<p><\/p>\n\n\n\n<p><\/p>\n\n\n\n<h2><\/h2>\n\n\n\n<figure class=\"wp-block-image size-large\"><img loading=\"lazy\" width=\"1024\" height=\"215\" src=\"https:\/\/cipdonapea.educacion.navarra.es\/web\/wp-content\/uploads\/2022\/05\/es_cofinanciado_por_la_union_europea_pos-1024x215.png\" alt=\"\" class=\"wp-image-7135\" srcset=\"https:\/\/cipdonapea.educacion.navarra.es\/web\/wp-content\/uploads\/2022\/05\/es_cofinanciado_por_la_union_europea_pos-1024x215.png 1024w, https:\/\/cipdonapea.educacion.navarra.es\/web\/wp-content\/uploads\/2022\/05\/es_cofinanciado_por_la_union_europea_pos-300x63.png 300w, https:\/\/cipdonapea.educacion.navarra.es\/web\/wp-content\/uploads\/2022\/05\/es_cofinanciado_por_la_union_europea_pos-768x161.png 768w, https:\/\/cipdonapea.educacion.navarra.es\/web\/wp-content\/uploads\/2022\/05\/es_cofinanciado_por_la_union_europea_pos-1536x322.png 1536w, https:\/\/cipdonapea.educacion.navarra.es\/web\/wp-content\/uploads\/2022\/05\/es_cofinanciado_por_la_union_europea_pos-2048x429.png 2048w\" sizes=\"(max-width: 1024px) 100vw, 1024px\" \/><\/figure>\n\n\n\n<div class=\"wp-block-file\"><a href=\"https:\/\/cipdonapea.educacion.navarra.es\/web\/wp-content\/uploads\/2022\/05\/es_cofinanciado_por_la_union_europea_pos.png\" class=\"wp-block-file__button\" download aria-describedby=\"wp-block-file--media-60d0872a-d2ce-47e4-bac6-4f364d1caaea\"><\/a><\/div>\n\n\n\n<figure class=\"wp-block-image size-full\"><img loading=\"lazy\" width=\"400\" height=\"148\" src=\"https:\/\/cipdonapea.educacion.navarra.es\/web\/wp-content\/uploads\/2022\/05\/SEPIE_erasmus_plus.gif\" alt=\"\" class=\"wp-image-7140\"\/><\/figure>\n\n\n\n<p><\/p>\n","protected":false},"excerpt":{"rendered":"<p>Desde el d\u00eda 25 de abril hasta el d\u00eda 6 de mayo, cuatro alumnos alemanes del Berufskolleg Geldern des Kreises Kleve, se encuentran haciendo pr\u00e1cticas de automoci\u00f3n en los talleres del CIP Donapea bajo la supervisi\u00f3n del profesorado del Departamento de Automoci\u00f3n, al cual queremos agradecer desde aqu\u00ed su implicaci\u00f3n en el programa de intercambio [&hellip;]<\/p>\n","protected":false},"author":16,"featured_media":7126,"comment_status":"open","ping_status":"open","sticky":false,"template":"","format":"standard","meta":{"_genesis_hide_title":false,"_genesis_hide_breadcrumbs":false,"_genesis_hide_singular_image":false,"_genesis_hide_footer_widgets":false,"_genesis_custom_body_class":"","_genesis_custom_post_class":"","_genesis_layout":""},"categories":[37,3],"tags":[],"_links":{"self":[{"href":"https:\/\/cipdonapea.educacion.navarra.es\/web\/wp-json\/wp\/v2\/posts\/7121"}],"collection":[{"href":"https:\/\/cipdonapea.educacion.navarra.es\/web\/wp-json\/wp\/v2\/posts"}],"about":[{"href":"https:\/\/cipdonapea.educacion.navarra.es\/web\/wp-json\/wp\/v2\/types\/post"}],"author":[{"embeddable":true,"href":"https:\/\/cipdonapea.educacion.navarra.es\/web\/wp-json\/wp\/v2\/users\/16"}],"replies":[{"embeddable":true,"href":"https:\/\/cipdonapea.educacion.navarra.es\/web\/wp-json\/wp\/v2\/comments?post=7121"}],"version-history":[{"count":8,"href":"https:\/\/cipdonapea.educacion.navarra.es\/web\/wp-json\/wp\/v2\/posts\/7121\/revisions"}],"predecessor-version":[{"id":10203,"href":"https:\/\/cipdonapea.educacion.navarra.es\/web\/wp-json\/wp\/v2\/posts\/7121\/revisions\/10203"}],"wp:featuredmedia":[{"embeddable":true,"href":"https:\/\/cipdonapea.educacion.navarra.es\/web\/wp-json\/wp\/v2\/media\/7126"}],"wp:attachment":[{"href":"https:\/\/cipdonapea.educacion.navarra.es\/web\/wp-json\/wp\/v2\/media?parent=7121"}],"wp:term":[{"taxonomy":"category","embeddable":true,"href":"https:\/\/cipdonapea.educacion.navarra.es\/web\/wp-json\/wp\/v2\/categories?post=7121"},{"taxonomy":"post_tag","embeddable":true,"href":"https:\/\/cipdonapea.educacion.navarra.es\/web\/wp-json\/wp\/v2\/tags?post=7121"}],"curies":[{"name":"wp","href":"https:\/\/api.w.org\/{rel}","templated":true}]}}