{"id":6218,"date":"2021-11-26T11:06:15","date_gmt":"2021-11-26T10:06:15","guid":{"rendered":"https:\/\/cipdonapea.educacion.navarra.es\/web\/?p=6218"},"modified":"2021-11-26T12:22:26","modified_gmt":"2021-11-26T11:22:26","slug":"visita-del-sepie-a-donapea","status":"publish","type":"post","link":"https:\/\/cipdonapea.educacion.navarra.es\/web\/actualidad\/noticias\/visita-del-sepie-a-donapea\/","title":{"rendered":"VISITA DEL SEPIE A DONAPEA"},"content":{"rendered":"\n<figure class=\"wp-block-image size-large\"><img src=\"https:\/\/cipdonapea.educacion.navarra.es\/web\/wp-content\/uploads\/2021\/11\/Foto-de-Carmen-1024x838.jpg\" alt=\"\" class=\"wp-image-6236\" \/><\/figure>\n\n\n\n<p>El pasado jueves d\u00eda 25 de noviembre, recibimos la visita de 3 miembros del SEPIE (Servicio Espa\u00f1ol para la Internacionalizaci\u00f3n de la Educaci\u00f3n). En la misma estuvieron acompa\u00f1ados de Mar\u00eda Rozas, Jefa del Negociado de Internacionalizaci\u00f3n del Departamento de Educaci\u00f3n.<\/p>\n\n\n\n<p>La visita se enmarca dentro de la iniciativa del SEPIE para impulsar la internacionalizaci\u00f3n en Formaci\u00f3n Profesional. Para ello, han constituido un equipo de trabajo a nivel nacional denominado VET TEAM.<\/p>\n\n\n\n<p>En este contexto, est\u00e1n realizando contactos con las instituciones que destacan por su labor en la materia, como es el consorcio para la internacionalizaci\u00f3n de la FP que existe en el Departamento de Educaci\u00f3n del Gobierno de Navarra.<\/p>\n\n\n\n<p>El objetivo de la visita al C.I.P. Donapea era conocer el trabajo que se est\u00e1 llevando a cabo en internacionalizaci\u00f3n desde nuestro centro, el cual destaca por el n\u00famero de movilidades internacionales que lleva a cabo.<\/p>\n\n\n\n<p>\u00a1Muchas gracias por vuestra visita!<\/p>\n\n\n\n<figure class=\"wp-block-image size-full\"><img loading=\"lazy\" width=\"518\" height=\"289\" src=\"https:\/\/cipdonapea.educacion.navarra.es\/web\/wp-content\/uploads\/2021\/11\/image.png\" alt=\"\" class=\"wp-image-6219\" srcset=\"https:\/\/cipdonapea.educacion.navarra.es\/web\/wp-content\/uploads\/2021\/11\/image.png 518w, https:\/\/cipdonapea.educacion.navarra.es\/web\/wp-content\/uploads\/2021\/11\/image-300x167.png 300w\" sizes=\"(max-width: 518px) 100vw, 518px\" \/><\/figure>\n","protected":false},"excerpt":{"rendered":"<p>El pasado jueves d\u00eda 25 de noviembre, recibimos la visita de 3 miembros del SEPIE (Servicio Espa\u00f1ol para la Internacionalizaci\u00f3n de la Educaci\u00f3n). En la misma estuvieron acompa\u00f1ados de Mar\u00eda Rozas, Jefa del Negociado de Internacionalizaci\u00f3n del Departamento de Educaci\u00f3n. La visita se enmarca dentro de la iniciativa del SEPIE para impulsar la internacionalizaci\u00f3n en [&hellip;]<\/p>\n","protected":false},"author":16,"featured_media":0,"comment_status":"open","ping_status":"open","sticky":false,"template":"","format":"standard","meta":{"_genesis_hide_title":false,"_genesis_hide_breadcrumbs":false,"_genesis_hide_singular_image":false,"_genesis_hide_footer_widgets":false,"_genesis_custom_body_class":"","_genesis_custom_post_class":"","_genesis_layout":""},"categories":[3],"tags":[],"_links":{"self":[{"href":"https:\/\/cipdonapea.educacion.navarra.es\/web\/wp-json\/wp\/v2\/posts\/6218"}],"collection":[{"href":"https:\/\/cipdonapea.educacion.navarra.es\/web\/wp-json\/wp\/v2\/posts"}],"about":[{"href":"https:\/\/cipdonapea.educacion.navarra.es\/web\/wp-json\/wp\/v2\/types\/post"}],"author":[{"embeddable":true,"href":"https:\/\/cipdonapea.educacion.navarra.es\/web\/wp-json\/wp\/v2\/users\/16"}],"replies":[{"embeddable":true,"href":"https:\/\/cipdonapea.educacion.navarra.es\/web\/wp-json\/wp\/v2\/comments?post=6218"}],"version-history":[{"count":3,"href":"https:\/\/cipdonapea.educacion.navarra.es\/web\/wp-json\/wp\/v2\/posts\/6218\/revisions"}],"predecessor-version":[{"id":6239,"href":"https:\/\/cipdonapea.educacion.navarra.es\/web\/wp-json\/wp\/v2\/posts\/6218\/revisions\/6239"}],"wp:attachment":[{"href":"https:\/\/cipdonapea.educacion.navarra.es\/web\/wp-json\/wp\/v2\/media?parent=6218"}],"wp:term":[{"taxonomy":"category","embeddable":true,"href":"https:\/\/cipdonapea.educacion.navarra.es\/web\/wp-json\/wp\/v2\/categories?post=6218"},{"taxonomy":"post_tag","embeddable":true,"href":"https:\/\/cipdonapea.educacion.navarra.es\/web\/wp-json\/wp\/v2\/tags?post=6218"}],"curies":[{"name":"wp","href":"https:\/\/api.w.org\/{rel}","templated":true}]}}