{"id":5190,"date":"2021-05-25T11:41:04","date_gmt":"2021-05-25T09:41:04","guid":{"rendered":"https:\/\/cipdonapea.educacion.navarra.es\/web\/?p=5190"},"modified":"2024-02-08T12:52:49","modified_gmt":"2024-02-08T11:52:49","slug":"mercadillo-solidario-en-el-cip-donapea-para-la-lucha-contra-el-cancer-de-mama","status":"publish","type":"post","link":"https:\/\/cipdonapea.educacion.navarra.es\/web\/actualidad\/noticias\/mercadillo-solidario-en-el-cip-donapea-para-la-lucha-contra-el-cancer-de-mama\/","title":{"rendered":"Mercadillo solidario en el CIP Donapea para la lucha contra el c\u00e1ncer de mama"},"content":{"rendered":"\n<figure class=\"wp-block-gallery columns-1 is-cropped\"><ul class=\"blocks-gallery-grid\"><li class=\"blocks-gallery-item\"><figure><img loading=\"lazy\" width=\"1024\" height=\"687\" src=\"https:\/\/cipdonapea.educacion.navarra.es\/web\/wp-content\/uploads\/2021\/05\/DSC_0985-min-1-1024x687.jpg\" alt=\"\" data-id=\"5196\" data-full-url=\"https:\/\/cipdonapea.educacion.navarra.es\/web\/wp-content\/uploads\/2021\/05\/DSC_0985-min-1-scaled.jpg\" data-link=\"https:\/\/cipdonapea.educacion.navarra.es\/web\/actualidad\/noticias\/mercadillo-solidario-en-el-cip-donapea-para-la-lucha-contra-el-cancer-de-mama\/attachment\/dsc_0985-min-1\/\" class=\"wp-image-5196\" srcset=\"https:\/\/cipdonapea.educacion.navarra.es\/web\/wp-content\/uploads\/2021\/05\/DSC_0985-min-1-1024x687.jpg 1024w, https:\/\/cipdonapea.educacion.navarra.es\/web\/wp-content\/uploads\/2021\/05\/DSC_0985-min-1-300x201.jpg 300w, https:\/\/cipdonapea.educacion.navarra.es\/web\/wp-content\/uploads\/2021\/05\/DSC_0985-min-1-768x516.jpg 768w, https:\/\/cipdonapea.educacion.navarra.es\/web\/wp-content\/uploads\/2021\/05\/DSC_0985-min-1-1536x1031.jpg 1536w, https:\/\/cipdonapea.educacion.navarra.es\/web\/wp-content\/uploads\/2021\/05\/DSC_0985-min-1-2048x1375.jpg 2048w\" sizes=\"(max-width: 1024px) 100vw, 1024px\" \/><\/figure><\/li><\/ul><\/figure>\n\n\n\n<p>Alumnos\/as y profesores\/as del ciclo de grado medio de Gesti\u00f3n Administrativa han organizado del 19 al 21 de mayo un mercadillo solidario a favor de la asociaci\u00f3n Saray de lucha contra el c\u00e1ncer de mama en los que se han vendido objetos de segunda mano como ropa y art\u00edculos elaborados por los estudiantes con material reciclable, entre ellos huchas, bombillas o tarros de cristal. Los beneficios han sido destinados a la mencionada organizaci\u00f3n y la finalidad de esta iniciativa es que los j\u00f3venes aprendan el proceso de compraventa y sepan gestionar una microempresa.<\/p>\n","protected":false},"excerpt":{"rendered":"<p>Alumnos\/as y profesores\/as del ciclo de grado medio de Gesti\u00f3n Administrativa han organizado del 19 al 21 de mayo un mercadillo solidario a favor de la asociaci\u00f3n Saray de lucha contra el c\u00e1ncer de mama en los que se han vendido objetos de segunda mano como ropa y art\u00edculos elaborados por los estudiantes con material [&hellip;]<\/p>\n","protected":false},"author":23,"featured_media":0,"comment_status":"open","ping_status":"open","sticky":false,"template":"","format":"standard","meta":{"_genesis_hide_title":false,"_genesis_hide_breadcrumbs":false,"_genesis_hide_singular_image":false,"_genesis_hide_footer_widgets":false,"_genesis_custom_body_class":"","_genesis_custom_post_class":"","_genesis_layout":""},"categories":[27,3,13],"tags":[],"_links":{"self":[{"href":"https:\/\/cipdonapea.educacion.navarra.es\/web\/wp-json\/wp\/v2\/posts\/5190"}],"collection":[{"href":"https:\/\/cipdonapea.educacion.navarra.es\/web\/wp-json\/wp\/v2\/posts"}],"about":[{"href":"https:\/\/cipdonapea.educacion.navarra.es\/web\/wp-json\/wp\/v2\/types\/post"}],"author":[{"embeddable":true,"href":"https:\/\/cipdonapea.educacion.navarra.es\/web\/wp-json\/wp\/v2\/users\/23"}],"replies":[{"embeddable":true,"href":"https:\/\/cipdonapea.educacion.navarra.es\/web\/wp-json\/wp\/v2\/comments?post=5190"}],"version-history":[{"count":3,"href":"https:\/\/cipdonapea.educacion.navarra.es\/web\/wp-json\/wp\/v2\/posts\/5190\/revisions"}],"predecessor-version":[{"id":5198,"href":"https:\/\/cipdonapea.educacion.navarra.es\/web\/wp-json\/wp\/v2\/posts\/5190\/revisions\/5198"}],"wp:attachment":[{"href":"https:\/\/cipdonapea.educacion.navarra.es\/web\/wp-json\/wp\/v2\/media?parent=5190"}],"wp:term":[{"taxonomy":"category","embeddable":true,"href":"https:\/\/cipdonapea.educacion.navarra.es\/web\/wp-json\/wp\/v2\/categories?post=5190"},{"taxonomy":"post_tag","embeddable":true,"href":"https:\/\/cipdonapea.educacion.navarra.es\/web\/wp-json\/wp\/v2\/tags?post=5190"}],"curies":[{"name":"wp","href":"https:\/\/api.w.org\/{rel}","templated":true}]}}