{"id":3590,"date":"2019-12-16T16:55:48","date_gmt":"2019-12-16T16:55:48","guid":{"rendered":"https:\/\/cipdonapea.educacion.navarra.es\/web\/?p=3590"},"modified":"2023-03-22T11:40:23","modified_gmt":"2023-03-22T10:40:23","slug":"presentacion-proyecto-el-empleo-y-la-fp","status":"publish","type":"post","link":"https:\/\/cipdonapea.educacion.navarra.es\/web\/actualidad\/noticias\/presentacion-proyecto-el-empleo-y-la-fp\/","title":{"rendered":"Presentaci\u00f3n proyecto: El empleo y la FP."},"content":{"rendered":"\n<p> <strong><em><a rel=\"noreferrer noopener\" href=\"https:\/\/www.navarra.es\/es\/noticias\/2019\/11\/27\/gobierno-foral-y-empresas-de-sectores-estrategicos-trabajaran-en-las-competencias-profesionales-que-debe-aportar-la-fp-en-el-marco-del-empleo\" target=\"_blank\">VER Noticia<\/a>.<\/em><\/strong>  El d\u00eda 27 de noviembre se presento en el Taller de Sonido del CIP Donapea el proyecto: \u00abEl empleo y la FP\u00bb .<\/p>\n\n\n\n<p><\/p>\n\n\n\n<figure class=\"wp-block-gallery has-nested-images columns-default is-cropped\">\n<figure class=\"wp-block-image size-large\"><img loading=\"lazy\" width=\"1024\" height=\"576\" data-id=\"3592\"  src=\"https:\/\/cipdonapea.educacion.navarra.es\/web\/wp-content\/uploads\/2019\/12\/DSC_1141-1024x576.jpg\" alt=\"Visita a instalaciones de Imagen y Sonido\" class=\"wp-image-3592\" srcset=\"https:\/\/cipdonapea.educacion.navarra.es\/web\/wp-content\/uploads\/2019\/12\/DSC_1141-1024x576.jpg 1024w, https:\/\/cipdonapea.educacion.navarra.es\/web\/wp-content\/uploads\/2019\/12\/DSC_1141-300x169.jpg 300w, https:\/\/cipdonapea.educacion.navarra.es\/web\/wp-content\/uploads\/2019\/12\/DSC_1141-768x432.jpg 768w, https:\/\/cipdonapea.educacion.navarra.es\/web\/wp-content\/uploads\/2019\/12\/DSC_1141-1536x864.jpg 1536w, https:\/\/cipdonapea.educacion.navarra.es\/web\/wp-content\/uploads\/2019\/12\/DSC_1141-2048x1152.jpg 2048w\" sizes=\"(max-width: 1024px) 100vw, 1024px\" \/><\/figure>\n<\/figure>\n\n\n\n<p><\/p>\n\n\n\n<p>Estuvieron Tom\u00e1s Rodr\u00edguez, Director General de FP, Miriam Mart\u00f3n Directora Gerente del Servicio Navarro de Empleo y Luis Campos, Director General del Observatorio de la Realidad Social de Navarra. <\/p>\n","protected":false},"excerpt":{"rendered":"<p>VER Noticia. El d\u00eda 27 de noviembre se presento en el Taller de Sonido del CIP Donapea el proyecto: \u00abEl empleo y la FP\u00bb . Estuvieron Tom\u00e1s Rodr\u00edguez, Director General de FP, Miriam Mart\u00f3n Directora Gerente del Servicio Navarro de Empleo y Luis Campos, Director General del Observatorio de la Realidad Social de Navarra.<\/p>\n","protected":false},"author":18,"featured_media":3592,"comment_status":"open","ping_status":"open","sticky":false,"template":"","format":"standard","meta":{"_genesis_hide_title":false,"_genesis_hide_breadcrumbs":false,"_genesis_hide_singular_image":false,"_genesis_hide_footer_widgets":false,"_genesis_custom_body_class":"","_genesis_custom_post_class":"","_genesis_layout":""},"categories":[3],"tags":[],"_links":{"self":[{"href":"https:\/\/cipdonapea.educacion.navarra.es\/web\/wp-json\/wp\/v2\/posts\/3590"}],"collection":[{"href":"https:\/\/cipdonapea.educacion.navarra.es\/web\/wp-json\/wp\/v2\/posts"}],"about":[{"href":"https:\/\/cipdonapea.educacion.navarra.es\/web\/wp-json\/wp\/v2\/types\/post"}],"author":[{"embeddable":true,"href":"https:\/\/cipdonapea.educacion.navarra.es\/web\/wp-json\/wp\/v2\/users\/18"}],"replies":[{"embeddable":true,"href":"https:\/\/cipdonapea.educacion.navarra.es\/web\/wp-json\/wp\/v2\/comments?post=3590"}],"version-history":[{"count":11,"href":"https:\/\/cipdonapea.educacion.navarra.es\/web\/wp-json\/wp\/v2\/posts\/3590\/revisions"}],"predecessor-version":[{"id":8423,"href":"https:\/\/cipdonapea.educacion.navarra.es\/web\/wp-json\/wp\/v2\/posts\/3590\/revisions\/8423"}],"wp:featuredmedia":[{"embeddable":true,"href":"https:\/\/cipdonapea.educacion.navarra.es\/web\/wp-json\/wp\/v2\/media\/3592"}],"wp:attachment":[{"href":"https:\/\/cipdonapea.educacion.navarra.es\/web\/wp-json\/wp\/v2\/media?parent=3590"}],"wp:term":[{"taxonomy":"category","embeddable":true,"href":"https:\/\/cipdonapea.educacion.navarra.es\/web\/wp-json\/wp\/v2\/categories?post=3590"},{"taxonomy":"post_tag","embeddable":true,"href":"https:\/\/cipdonapea.educacion.navarra.es\/web\/wp-json\/wp\/v2\/tags?post=3590"}],"curies":[{"name":"wp","href":"https:\/\/api.w.org\/{rel}","templated":true}]}}