{"id":3556,"date":"2021-11-18T10:40:20","date_gmt":"2021-11-18T09:40:20","guid":{"rendered":"https:\/\/cipdonapea.educacion.navarra.es\/web\/?p=3556"},"modified":"2021-11-18T10:46:15","modified_gmt":"2021-11-18T09:46:15","slug":"25-n-dia-contra-la-violencia-hacia-las-mujeres","status":"publish","type":"post","link":"https:\/\/cipdonapea.educacion.navarra.es\/web\/actualidad\/noticias\/25-n-dia-contra-la-violencia-hacia-las-mujeres\/","title":{"rendered":"25 N: D\u00eda contra la violencia hacia las mujeres"},"content":{"rendered":"\n<p>Con motivo de este d\u00eda, el CIP Donapea tiene prevista una serie de actuaciones-propuestas.<\/p>\n\n\n\n<p>Ese mismo d\u00eda<strong> jueves d\u00eda 25 N<\/strong>, se llevar\u00e1 a cabo una <strong>concentraci\u00f3n en la rotonda<\/strong> en repulsa de todo tipo de violencias hacia las mujeres, a la hora del <strong>recreo<\/strong>, tanto en el turno de ma\u00f1ana como en el de tarde.<\/p>\n\n\n\n<p>Pensamos que el tema merece ser tratado por toda la comunidad educativa, y para ello ofrecemos algunos materiales:<\/p>\n\n\n\n<ul><li>Videos &#8211; Spots: <a href=\"https:\/\/www.youtube.com\/watch?v=6ZlvC5arZ5U\">Spot corto del Gobierno de Navarra<\/a>, u otros v\u00eddeos como <a rel=\"noreferrer noopener\" href=\"https:\/\/www.youtube.com\/watch?v=2BFHubD6cgg\" target=\"_blank\">abre los ojos<\/a>, <a rel=\"noreferrer noopener\" href=\"https:\/\/www.youtube.com\/watch?v=f482vIzF9yA\" target=\"_blank\">en la voz de algunos hombres<\/a> <\/li><li>Actividades: Propuesta <a href=\"https:\/\/orientaiesjuanantoniofernandez.blogspot.com\/2020\/11\/enelhuertatodosdecimosno.html?m=1\">para trabajar en el aula<\/a>, o propuestas planteada por el grupo.<\/li><\/ul>\n\n\n\n<p>L\u00f3gicamente hay m\u00e1s materiales en la red, no obstante, os facilitamos estos otros enlaces de inter\u00e9s sobre el tema:&nbsp;<\/p>\n\n\n\n<ul><li>Proyecci\u00f3n del corto \u201cuna taza de t\u00e9\u201d <a rel=\"noreferrer noopener\" href=\"https:\/\/www.youtube.com\/watch?v=J0pA-iZTt3E\" target=\"_blank\">https:\/\/www.-.com\/watch?v=J0pA-iZTt3E<\/a><\/li><li>Al rev\u00e9s tu tambi\u00e9n te asustar\u00edas <a rel=\"noreferrer noopener\" href=\"https:\/\/www.youtube.com\/watch?v=o41Z72P3eqQ\" target=\"_blank\">https:\/\/www.youtube.com\/watch?v=o41Z72P3eqQ<\/a><\/li><li>El orden de las cosas <a rel=\"noreferrer noopener\" href=\"https:\/\/www.youtube.com\/watch?v=hfGsrMBsX1Q\" target=\"_blank\">https:\/\/www.youtube.com\/watch?v=hfGsrMBsX1Q<\/a><\/li><li><a href=\"https:\/\/steilas.eus\/es\/areas\/mujer\">\u00c1rea de la mujer de STEILAS<\/a><\/li><li><a rel=\"noreferrer noopener\" href=\"https:\/\/violenciagenero.igualdad.gob.es\/\" target=\"_blank\">Violencia contra la mujer<\/a>.<\/li><\/ul>\n\n\n\n<figure class=\"wp-block-table is-style-stripes\"><table><tbody><tr><td class=\"has-text-align-center\" data-align=\"center\"><img loading=\"lazy\" src=\"https:\/\/cipdonapea.educacion.navarra.es\/web\/wp-content\/uploads\/2021\/11\/25nlogo.jpg\" alt=\"\" width=\"320\" height=\"286\"><\/td><td class=\"has-text-align-center\" data-align=\"center\"><img loading=\"lazy\" src=\"https:\/\/cipdonapea.educacion.navarra.es\/web\/wp-content\/uploads\/2021\/11\/logo25n-1.jpg\" alt=\"\" width=\"290\" height=\"290\"><\/td><\/tr><\/tbody><\/table><\/figure>\n\n\n\n<p><\/p>\n","protected":false},"excerpt":{"rendered":"<p>Con motivo de este d\u00eda, el CIP Donapea tiene prevista una serie de actuaciones-propuestas. Ese mismo d\u00eda jueves d\u00eda 25 N, se llevar\u00e1 a cabo una concentraci\u00f3n en la rotonda en repulsa de todo tipo de violencias hacia las mujeres, a la hora del recreo, tanto en el turno de ma\u00f1ana como en el de [&hellip;]<\/p>\n","protected":false},"author":4,"featured_media":0,"comment_status":"open","ping_status":"open","sticky":false,"template":"","format":"standard","meta":{"_genesis_hide_title":false,"_genesis_hide_breadcrumbs":false,"_genesis_hide_singular_image":false,"_genesis_hide_footer_widgets":false,"_genesis_custom_body_class":"","_genesis_custom_post_class":"","_genesis_layout":""},"categories":[3],"tags":[],"_links":{"self":[{"href":"https:\/\/cipdonapea.educacion.navarra.es\/web\/wp-json\/wp\/v2\/posts\/3556"}],"collection":[{"href":"https:\/\/cipdonapea.educacion.navarra.es\/web\/wp-json\/wp\/v2\/posts"}],"about":[{"href":"https:\/\/cipdonapea.educacion.navarra.es\/web\/wp-json\/wp\/v2\/types\/post"}],"author":[{"embeddable":true,"href":"https:\/\/cipdonapea.educacion.navarra.es\/web\/wp-json\/wp\/v2\/users\/4"}],"replies":[{"embeddable":true,"href":"https:\/\/cipdonapea.educacion.navarra.es\/web\/wp-json\/wp\/v2\/comments?post=3556"}],"version-history":[{"count":5,"href":"https:\/\/cipdonapea.educacion.navarra.es\/web\/wp-json\/wp\/v2\/posts\/3556\/revisions"}],"predecessor-version":[{"id":5940,"href":"https:\/\/cipdonapea.educacion.navarra.es\/web\/wp-json\/wp\/v2\/posts\/3556\/revisions\/5940"}],"wp:attachment":[{"href":"https:\/\/cipdonapea.educacion.navarra.es\/web\/wp-json\/wp\/v2\/media?parent=3556"}],"wp:term":[{"taxonomy":"category","embeddable":true,"href":"https:\/\/cipdonapea.educacion.navarra.es\/web\/wp-json\/wp\/v2\/categories?post=3556"},{"taxonomy":"post_tag","embeddable":true,"href":"https:\/\/cipdonapea.educacion.navarra.es\/web\/wp-json\/wp\/v2\/tags?post=3556"}],"curies":[{"name":"wp","href":"https:\/\/api.w.org\/{rel}","templated":true}]}}