{"id":2349,"date":"2019-05-04T10:56:18","date_gmt":"2019-05-04T08:56:18","guid":{"rendered":"https:\/\/cipdonapea.educacion.navarra.es\/web\/?p=2349"},"modified":"2024-02-08T13:09:22","modified_gmt":"2024-02-08T12:09:22","slug":"el-departamento-de-electronica-viaja-a-francia-con-el-programa-pyirenefp","status":"publish","type":"post","link":"https:\/\/cipdonapea.educacion.navarra.es\/web\/actualidad\/noticias\/el-departamento-de-electronica-viaja-a-francia-con-el-programa-pyirenefp\/","title":{"rendered":"El Departamento de Electr\u00f3nica viaja a Francia con el programa PyireneFP"},"content":{"rendered":"\n<p><strong>Un grupo de 12&nbsp;alumn@s&nbsp;que  cursan los ciclos formativos de Mantenimiento Electr\u00f3nico y Sistemas de  Telecomunicaciones e Inform\u00e1ticos realizaron una movilidad de estudios&nbsp;  a Oloron- Sainte-Marie (Francia). Dicha movilidad se enmarca dentro del  programa PyireneFP, financiado por el Fondo Europeo de Desarrollo  Regional (FEDER).&nbsp;<\/strong><\/p>\n\n\n\n<p>Durante los d\u00edas 25 a 29 de marzo, ambos incluidos, los alumnos han realizado, entre otras, las siguientes actividades:<\/p>\n\n\n\n<p>&#8211; Han \nparticipado en varias clases pr\u00e1cticas junto con el alumnado anfitri\u00f3n: \nTaller de fibra \u00f3ptica, paneles dom\u00f3ticos e instalaci\u00f3n y consumo de \nfotovoltaica.<\/p>\n\n\n\n<p>&#8211; Han conocido el funcionamiento y oferta acad\u00e9mica del centro franc\u00e9s <a href=\"http:\/\/lycee-guynemer.com\/\">Lyc\u00e9e Guynemer<\/a>.<\/p>\n\n\n\n<p>&#8211; Han \nrealizado visitas a empresas como \u201cSafran-trenes de aterrizaje\u201d, donde \npudieron conocer los novedosos sistemas de producci\u00f3n de los trenes de \naterrizaje, as\u00ed como la historia de la empresa, etc.<\/p>\n\n\n\n<p>&#8211; Pudieron \nconocer los interiores del t\u00fanel de Somport, donde comprobaron c\u00f3mo se \ngestiona y se lleva a cabo el mantenimiento del t\u00fanel, una labor ardua \nya que es un t\u00fanel de gesti\u00f3n internacional que comunica Espa\u00f1a con \nFrancia.<\/p>\n\n\n\n<p>&#8211; \nFinalmente, tambi\u00e9n pudieron disfrutar de visitas culturales a las \nciudades de Pau y Oloron-Sainte-Marie, as\u00ed como al fuerte de Portalet.<\/p>\n\n\n\n<p>Fue una \nexperiencia muy enriquecedora para nuestro alumnado. Su implicaci\u00f3n \npr\u00e1ctica y aprendizajes se vieron reforzados en este intercambio!!!<\/p>\n\n\n\n<p>A continuaci\u00f3n puedes ver algunas fotos trabajando en los talleres. Si quieres ver m\u00e1s fotos, haz click <a href=\"https:\/\/drive.google.com\/drive\/folders\/1sEH9S6XDV7-b8gzKNflDYIuy1mV_GAUz\">aqu\u00ed<\/a>.<\/p>\n\n\n\n<h4>Pyirenefp<\/h4>\n\n\n\n<p>Es un proyecto europeo  de cooperaci\u00f3n transfronteriza, dirigido aofrecer a los j\u00f3venes y a las  personas adultas servicios coordinados de informaci\u00f3n y orientaci\u00f3n  profesional en relaci\u00f3n a las ofertas de formaci\u00f3n profesional y de  reconocimiento de la experiencia laboral existentes en el espacio  transfronterizo entre Espa\u00f1a y Francia.<\/p>\n\n\n\n<p>Este proyecto se incluye dentro del programa de&nbsp;la Uni\u00f3n Europea&nbsp;Interreg  V-A Espa\u00f1a, Francia, Andorra (POCTEFA 2014-2020) y est\u00e1 cofinanciado al  65% por el Fondo Europeo de Desarrollo Regional (FEDER)<\/p>\n\n\n\n<figure class=\"wp-block-gallery has-nested-images columns-default is-cropped\">\n<figure class=\"wp-block-image\"><img loading=\"lazy\" width=\"802\" height=\"534\" data-id=\"2369\"  src=\"https:\/\/cipdonapea.educacion.navarra.es\/web\/wp-content\/uploads\/2019\/05\/MG_8547.jpg\" alt=\"\" class=\"wp-image-2369\" srcset=\"https:\/\/cipdonapea.educacion.navarra.es\/web\/wp-content\/uploads\/2019\/05\/MG_8547.jpg 802w, https:\/\/cipdonapea.educacion.navarra.es\/web\/wp-content\/uploads\/2019\/05\/MG_8547-300x200.jpg 300w, https:\/\/cipdonapea.educacion.navarra.es\/web\/wp-content\/uploads\/2019\/05\/MG_8547-768x511.jpg 768w\" sizes=\"(max-width: 802px) 100vw, 802px\" \/><\/figure>\n\n\n\n<figure class=\"wp-block-image\"><img loading=\"lazy\" width=\"1024\" height=\"683\" data-id=\"2366\"  src=\"https:\/\/cipdonapea.educacion.navarra.es\/web\/wp-content\/uploads\/2019\/05\/MG_8542-1024x683.jpg\" alt=\"\" class=\"wp-image-2366\" srcset=\"https:\/\/cipdonapea.educacion.navarra.es\/web\/wp-content\/uploads\/2019\/05\/MG_8542-1024x683.jpg 1024w, https:\/\/cipdonapea.educacion.navarra.es\/web\/wp-content\/uploads\/2019\/05\/MG_8542-300x200.jpg 300w, https:\/\/cipdonapea.educacion.navarra.es\/web\/wp-content\/uploads\/2019\/05\/MG_8542-768x512.jpg 768w, https:\/\/cipdonapea.educacion.navarra.es\/web\/wp-content\/uploads\/2019\/05\/MG_8542.jpg 1095w\" sizes=\"(max-width: 1024px) 100vw, 1024px\" \/><\/figure>\n\n\n\n<figure class=\"wp-block-image\"><img loading=\"lazy\" width=\"1024\" height=\"683\" data-id=\"2360\"  src=\"https:\/\/cipdonapea.educacion.navarra.es\/web\/wp-content\/uploads\/2019\/05\/MG_8355-1024x683.jpg\" alt=\"\" class=\"wp-image-2360\" srcset=\"https:\/\/cipdonapea.educacion.navarra.es\/web\/wp-content\/uploads\/2019\/05\/MG_8355-1024x683.jpg 1024w, https:\/\/cipdonapea.educacion.navarra.es\/web\/wp-content\/uploads\/2019\/05\/MG_8355-300x200.jpg 300w, https:\/\/cipdonapea.educacion.navarra.es\/web\/wp-content\/uploads\/2019\/05\/MG_8355-768x512.jpg 768w, https:\/\/cipdonapea.educacion.navarra.es\/web\/wp-content\/uploads\/2019\/05\/MG_8355.jpg 1042w\" sizes=\"(max-width: 1024px) 100vw, 1024px\" \/><\/figure>\n\n\n\n<figure class=\"wp-block-image\"><img loading=\"lazy\" width=\"1024\" height=\"683\" data-id=\"2357\"  src=\"https:\/\/cipdonapea.educacion.navarra.es\/web\/wp-content\/uploads\/2019\/05\/MG_8350-1024x683.jpg\" alt=\"\" class=\"wp-image-2357\" srcset=\"https:\/\/cipdonapea.educacion.navarra.es\/web\/wp-content\/uploads\/2019\/05\/MG_8350-1024x683.jpg 1024w, https:\/\/cipdonapea.educacion.navarra.es\/web\/wp-content\/uploads\/2019\/05\/MG_8350-300x200.jpg 300w, https:\/\/cipdonapea.educacion.navarra.es\/web\/wp-content\/uploads\/2019\/05\/MG_8350-768x512.jpg 768w, https:\/\/cipdonapea.educacion.navarra.es\/web\/wp-content\/uploads\/2019\/05\/MG_8350.jpg 1095w\" sizes=\"(max-width: 1024px) 100vw, 1024px\" \/><\/figure>\n\n\n\n<figure class=\"wp-block-image\"><img loading=\"lazy\" width=\"1024\" height=\"683\" data-id=\"2354\"  src=\"https:\/\/cipdonapea.educacion.navarra.es\/web\/wp-content\/uploads\/2019\/05\/MG_8329-1024x683.jpg\" alt=\"\" class=\"wp-image-2354\" srcset=\"https:\/\/cipdonapea.educacion.navarra.es\/web\/wp-content\/uploads\/2019\/05\/MG_8329-1024x683.jpg 1024w, https:\/\/cipdonapea.educacion.navarra.es\/web\/wp-content\/uploads\/2019\/05\/MG_8329-300x200.jpg 300w, https:\/\/cipdonapea.educacion.navarra.es\/web\/wp-content\/uploads\/2019\/05\/MG_8329-768x512.jpg 768w, https:\/\/cipdonapea.educacion.navarra.es\/web\/wp-content\/uploads\/2019\/05\/MG_8329.jpg 1095w\" sizes=\"(max-width: 1024px) 100vw, 1024px\" \/><\/figure>\n\n\n\n<figure class=\"wp-block-image\"><img loading=\"lazy\" width=\"1024\" height=\"683\" data-id=\"2351\"  src=\"https:\/\/cipdonapea.educacion.navarra.es\/web\/wp-content\/uploads\/2019\/05\/MG_8274-1024x683.jpg\" alt=\"\" class=\"wp-image-2351\" srcset=\"https:\/\/cipdonapea.educacion.navarra.es\/web\/wp-content\/uploads\/2019\/05\/MG_8274-1024x683.jpg 1024w, https:\/\/cipdonapea.educacion.navarra.es\/web\/wp-content\/uploads\/2019\/05\/MG_8274-300x200.jpg 300w, https:\/\/cipdonapea.educacion.navarra.es\/web\/wp-content\/uploads\/2019\/05\/MG_8274-768x512.jpg 768w, https:\/\/cipdonapea.educacion.navarra.es\/web\/wp-content\/uploads\/2019\/05\/MG_8274.jpg 1095w\" sizes=\"(max-width: 1024px) 100vw, 1024px\" \/><\/figure>\n<\/figure>\n","protected":false},"excerpt":{"rendered":"<p>Un grupo de 12&nbsp;alumn@s&nbsp;que cursan los ciclos formativos de Mantenimiento Electr\u00f3nico y Sistemas de Telecomunicaciones e Inform\u00e1ticos realizaron una movilidad de estudios&nbsp; a Oloron- Sainte-Marie (Francia). Dicha movilidad se enmarca dentro del programa PyireneFP, financiado por el Fondo Europeo de Desarrollo Regional (FEDER).&nbsp; Durante los d\u00edas 25 a 29 de marzo, ambos incluidos, los alumnos [&hellip;]<\/p>\n","protected":false},"author":16,"featured_media":2363,"comment_status":"open","ping_status":"open","sticky":false,"template":"","format":"standard","meta":{"_genesis_hide_title":false,"_genesis_hide_breadcrumbs":false,"_genesis_hide_singular_image":false,"_genesis_hide_footer_widgets":false,"_genesis_custom_body_class":"","_genesis_custom_post_class":"","_genesis_layout":"content-sidebar"},"categories":[39,3,43,128],"tags":[],"_links":{"self":[{"href":"https:\/\/cipdonapea.educacion.navarra.es\/web\/wp-json\/wp\/v2\/posts\/2349"}],"collection":[{"href":"https:\/\/cipdonapea.educacion.navarra.es\/web\/wp-json\/wp\/v2\/posts"}],"about":[{"href":"https:\/\/cipdonapea.educacion.navarra.es\/web\/wp-json\/wp\/v2\/types\/post"}],"author":[{"embeddable":true,"href":"https:\/\/cipdonapea.educacion.navarra.es\/web\/wp-json\/wp\/v2\/users\/16"}],"replies":[{"embeddable":true,"href":"https:\/\/cipdonapea.educacion.navarra.es\/web\/wp-json\/wp\/v2\/comments?post=2349"}],"version-history":[{"count":5,"href":"https:\/\/cipdonapea.educacion.navarra.es\/web\/wp-json\/wp\/v2\/posts\/2349\/revisions"}],"predecessor-version":[{"id":9428,"href":"https:\/\/cipdonapea.educacion.navarra.es\/web\/wp-json\/wp\/v2\/posts\/2349\/revisions\/9428"}],"wp:featuredmedia":[{"embeddable":true,"href":"https:\/\/cipdonapea.educacion.navarra.es\/web\/wp-json\/wp\/v2\/media\/2363"}],"wp:attachment":[{"href":"https:\/\/cipdonapea.educacion.navarra.es\/web\/wp-json\/wp\/v2\/media?parent=2349"}],"wp:term":[{"taxonomy":"category","embeddable":true,"href":"https:\/\/cipdonapea.educacion.navarra.es\/web\/wp-json\/wp\/v2\/categories?post=2349"},{"taxonomy":"post_tag","embeddable":true,"href":"https:\/\/cipdonapea.educacion.navarra.es\/web\/wp-json\/wp\/v2\/tags?post=2349"}],"curies":[{"name":"wp","href":"https:\/\/api.w.org\/{rel}","templated":true}]}}