{"id":12295,"date":"2026-03-02T11:10:45","date_gmt":"2026-03-02T10:10:45","guid":{"rendered":"https:\/\/cipdonapea.educacion.navarra.es\/web\/?p=12295"},"modified":"2026-03-02T11:11:03","modified_gmt":"2026-03-02T10:11:03","slug":"participacion-en-premios-transferencia-de-conocimiento-de-la-fp-ims","status":"publish","type":"post","link":"https:\/\/cipdonapea.educacion.navarra.es\/web\/actualidad\/noticias\/participacion-en-premios-transferencia-de-conocimiento-de-la-fp-ims\/","title":{"rendered":"Participaci\u00f3n en Premios Transferencia de conocimiento de la FP &#8211; IMS"},"content":{"rendered":"\n<p>Dos grupos de la familia de Imagen y Sonido de Donapea est\u00e1n participando en la 5\u00aa edici\u00f3n de los Premios de Transferencia de Conocimiento de la FP, organizados por FPEmpresa y el Grupo Esprinet.<\/p>\n\n\n\n<p>Esta convocatoria es especialmente significativa, ya que tiene como objetivo principal visibilizar el talento femenino en ciclos formativos donde la presencia de mujeres es a\u00fan minoritaria. Nuestros alumnos y alumnas han trabajado en soluciones tecnol\u00f3gicas que no solo buscan la innovaci\u00f3n, sino que est\u00e1n alineadas con la Agenda 2030 y los Objetivos de Desarrollo Sostenible (ODS), haciendo especial hincapi\u00e9 en el ODS 5 (Igualdad de G\u00e9nero).<\/p>\n\n\n\n<p>Para que sus propuestas tengan mayor visibilidad, agradecer\u00edan mucho que entraras en los enlaces de sus proyectos y les dieses un \u00ablike\u00bb.<\/p>\n\n\n\n<p>Acceso a los proyectos aqu\u00ed:<\/p>\n\n\n\n<ul><li><a rel=\"noreferrer noopener\" href=\"https:\/\/youtu.be\/aTufVy5FZZA\" target=\"_blank\">Proyecto de 1\u00ba y 2\u00ba del Grado Superior de Realizaci\u00f3n de Proyectos Audiovisuales y Espect\u00e1culos: SpotHer.<\/a><\/li><li><a rel=\"noreferrer noopener\" href=\"https:\/\/www.youtube.com\/watch?v=xxlMjaaXl_c\" target=\"_blank\">Proyecto de 1\u00ba y 2\u00ba del Grado Superior de Animaciones 3D, Juegos y Entornos interactivos: Red Morada<\/a>.<\/li><\/ul>\n\n\n\n<p>Tu apoyo es fundamental para motivar al alumnado y dar a conocer el trabajo que se realiza en nuestro centro.<\/p>\n\n\n\n<p>Muchas gracias de antemano por tu tiempo y por ayudar a impulsar el talento de Donapea.<\/p>\n","protected":false},"excerpt":{"rendered":"<p>Dos grupos de la familia de Imagen y Sonido de Donapea est\u00e1n participando en la 5\u00aa edici\u00f3n de los Premios de Transferencia de Conocimiento de la FP, organizados por FPEmpresa y el Grupo Esprinet. Esta convocatoria es especialmente significativa, ya que tiene como objetivo principal visibilizar el talento femenino en ciclos formativos donde la presencia [&hellip;]<\/p>\n","protected":false},"author":1,"featured_media":0,"comment_status":"open","ping_status":"open","sticky":false,"template":"","format":"standard","meta":{"_genesis_hide_title":false,"_genesis_hide_breadcrumbs":false,"_genesis_hide_singular_image":false,"_genesis_hide_footer_widgets":false,"_genesis_custom_body_class":"","_genesis_custom_post_class":"","_genesis_layout":""},"categories":[3,44],"tags":[],"_links":{"self":[{"href":"https:\/\/cipdonapea.educacion.navarra.es\/web\/wp-json\/wp\/v2\/posts\/12295"}],"collection":[{"href":"https:\/\/cipdonapea.educacion.navarra.es\/web\/wp-json\/wp\/v2\/posts"}],"about":[{"href":"https:\/\/cipdonapea.educacion.navarra.es\/web\/wp-json\/wp\/v2\/types\/post"}],"author":[{"embeddable":true,"href":"https:\/\/cipdonapea.educacion.navarra.es\/web\/wp-json\/wp\/v2\/users\/1"}],"replies":[{"embeddable":true,"href":"https:\/\/cipdonapea.educacion.navarra.es\/web\/wp-json\/wp\/v2\/comments?post=12295"}],"version-history":[{"count":1,"href":"https:\/\/cipdonapea.educacion.navarra.es\/web\/wp-json\/wp\/v2\/posts\/12295\/revisions"}],"predecessor-version":[{"id":12296,"href":"https:\/\/cipdonapea.educacion.navarra.es\/web\/wp-json\/wp\/v2\/posts\/12295\/revisions\/12296"}],"wp:attachment":[{"href":"https:\/\/cipdonapea.educacion.navarra.es\/web\/wp-json\/wp\/v2\/media?parent=12295"}],"wp:term":[{"taxonomy":"category","embeddable":true,"href":"https:\/\/cipdonapea.educacion.navarra.es\/web\/wp-json\/wp\/v2\/categories?post=12295"},{"taxonomy":"post_tag","embeddable":true,"href":"https:\/\/cipdonapea.educacion.navarra.es\/web\/wp-json\/wp\/v2\/tags?post=12295"}],"curies":[{"name":"wp","href":"https:\/\/api.w.org\/{rel}","templated":true}]}}