{"id":12101,"date":"2025-12-17T09:42:19","date_gmt":"2025-12-17T08:42:19","guid":{"rendered":"https:\/\/cipdonapea.educacion.navarra.es\/web\/?p=12101"},"modified":"2025-12-17T09:43:02","modified_gmt":"2025-12-17T08:43:02","slug":"semana-del-emprendimiento-proyecto-inizia-camara-navarra","status":"publish","type":"post","link":"https:\/\/cipdonapea.educacion.navarra.es\/web\/actualidad\/noticias\/semana-del-emprendimiento-proyecto-inizia-camara-navarra\/","title":{"rendered":"Semana del Emprendimiento \u2013 Proyecto INIZIA \u2013 C\u00e1mara Navarra"},"content":{"rendered":"\n<p>Dentro del marco de la <strong>Semana del Emprendimiento del CIP Donapea <\/strong>organizada por el Departamento de Formaci\u00f3n y Orientaci\u00f3n Laboral con los fondos del <strong>Proyecto INIZIA <\/strong>del Departamento de Educaci\u00f3n, el viernes 12 de diciembre se imparti\u00f3 una charla a cargo de <strong>Paula Villamor, de C\u00e1mara Navarra.<\/strong> <\/p>\n\n\n\n<p>En ella, el alumnado de varios grupos pudo conocer de cerca la labor que esta organizaci\u00f3n lleva desempe\u00f1ando desde hace m\u00e1s de 125 a\u00f1os en Navarra para el fomento del emprendimiento. As\u00ed mismo, Paula nos explic\u00f3 la posibilidad de realizar una estancia de Erasmus entre emprendedores para el intercambio de conocimiento y buenas pr\u00e1cticas, que result\u00f3 muy novedoso e interesante.<\/p>\n\n\n\n<p>Muchas gracias, Paula por tu visita y te esperamos el pr\u00f3ximo curso!!!<\/p>\n\n\n\n<figure class=\"wp-block-gallery has-nested-images columns-default is-cropped\">\n<figure class=\"wp-block-image size-large\"><img loading=\"lazy\" width=\"1024\" height=\"631\" data-id=\"12102\"  src=\"https:\/\/cipdonapea.educacion.navarra.es\/web\/wp-content\/uploads\/2025\/12\/Camara1-1024x631.jpg\" alt=\"\" class=\"wp-image-12102\" srcset=\"https:\/\/cipdonapea.educacion.navarra.es\/web\/wp-content\/uploads\/2025\/12\/Camara1-1024x631.jpg 1024w, https:\/\/cipdonapea.educacion.navarra.es\/web\/wp-content\/uploads\/2025\/12\/Camara1-300x185.jpg 300w, https:\/\/cipdonapea.educacion.navarra.es\/web\/wp-content\/uploads\/2025\/12\/Camara1-768x473.jpg 768w, https:\/\/cipdonapea.educacion.navarra.es\/web\/wp-content\/uploads\/2025\/12\/Camara1-1536x946.jpg 1536w, https:\/\/cipdonapea.educacion.navarra.es\/web\/wp-content\/uploads\/2025\/12\/Camara1-2048x1261.jpg 2048w\" sizes=\"(max-width: 1024px) 100vw, 1024px\" \/><\/figure>\n\n\n\n<figure class=\"wp-block-image size-large\"><img loading=\"lazy\" width=\"1024\" height=\"615\" data-id=\"12105\"  src=\"https:\/\/cipdonapea.educacion.navarra.es\/web\/wp-content\/uploads\/2025\/12\/Camara-2-1024x615.jpg\" alt=\"\" class=\"wp-image-12105\" srcset=\"https:\/\/cipdonapea.educacion.navarra.es\/web\/wp-content\/uploads\/2025\/12\/Camara-2-1024x615.jpg 1024w, https:\/\/cipdonapea.educacion.navarra.es\/web\/wp-content\/uploads\/2025\/12\/Camara-2-300x180.jpg 300w, https:\/\/cipdonapea.educacion.navarra.es\/web\/wp-content\/uploads\/2025\/12\/Camara-2-768x461.jpg 768w, https:\/\/cipdonapea.educacion.navarra.es\/web\/wp-content\/uploads\/2025\/12\/Camara-2-1536x923.jpg 1536w, https:\/\/cipdonapea.educacion.navarra.es\/web\/wp-content\/uploads\/2025\/12\/Camara-2-2048x1230.jpg 2048w\" sizes=\"(max-width: 1024px) 100vw, 1024px\" \/><\/figure>\n<\/figure>\n","protected":false},"excerpt":{"rendered":"<p>Dentro del marco de la Semana del Emprendimiento del CIP Donapea organizada por el Departamento de Formaci\u00f3n y Orientaci\u00f3n Laboral con los fondos del Proyecto INIZIA del Departamento de Educaci\u00f3n, el viernes 12 de diciembre se imparti\u00f3 una charla a cargo de Paula Villamor, de C\u00e1mara Navarra. En ella, el alumnado de varios grupos pudo [&hellip;]<\/p>\n","protected":false},"author":1,"featured_media":0,"comment_status":"open","ping_status":"open","sticky":false,"template":"","format":"standard","meta":{"_genesis_hide_title":false,"_genesis_hide_breadcrumbs":false,"_genesis_hide_singular_image":false,"_genesis_hide_footer_widgets":false,"_genesis_custom_body_class":"","_genesis_custom_post_class":"","_genesis_layout":""},"categories":[3,46],"tags":[],"_links":{"self":[{"href":"https:\/\/cipdonapea.educacion.navarra.es\/web\/wp-json\/wp\/v2\/posts\/12101"}],"collection":[{"href":"https:\/\/cipdonapea.educacion.navarra.es\/web\/wp-json\/wp\/v2\/posts"}],"about":[{"href":"https:\/\/cipdonapea.educacion.navarra.es\/web\/wp-json\/wp\/v2\/types\/post"}],"author":[{"embeddable":true,"href":"https:\/\/cipdonapea.educacion.navarra.es\/web\/wp-json\/wp\/v2\/users\/1"}],"replies":[{"embeddable":true,"href":"https:\/\/cipdonapea.educacion.navarra.es\/web\/wp-json\/wp\/v2\/comments?post=12101"}],"version-history":[{"count":1,"href":"https:\/\/cipdonapea.educacion.navarra.es\/web\/wp-json\/wp\/v2\/posts\/12101\/revisions"}],"predecessor-version":[{"id":12108,"href":"https:\/\/cipdonapea.educacion.navarra.es\/web\/wp-json\/wp\/v2\/posts\/12101\/revisions\/12108"}],"wp:attachment":[{"href":"https:\/\/cipdonapea.educacion.navarra.es\/web\/wp-json\/wp\/v2\/media?parent=12101"}],"wp:term":[{"taxonomy":"category","embeddable":true,"href":"https:\/\/cipdonapea.educacion.navarra.es\/web\/wp-json\/wp\/v2\/categories?post=12101"},{"taxonomy":"post_tag","embeddable":true,"href":"https:\/\/cipdonapea.educacion.navarra.es\/web\/wp-json\/wp\/v2\/tags?post=12101"}],"curies":[{"name":"wp","href":"https:\/\/api.w.org\/{rel}","templated":true}]}}