{"id":11991,"date":"2025-10-13T08:30:27","date_gmt":"2025-10-13T06:30:27","guid":{"rendered":"https:\/\/cipdonapea.educacion.navarra.es\/web\/?p=11991"},"modified":"2025-10-13T08:31:14","modified_gmt":"2025-10-13T06:31:14","slug":"jornadas-de-erasmus","status":"publish","type":"post","link":"https:\/\/cipdonapea.educacion.navarra.es\/web\/actualidad\/noticias\/jornadas-de-erasmus\/","title":{"rendered":"Jornadas de Erasmus+"},"content":{"rendered":"\n<p>La coordinadora del centro ha participado en las Jornadas de movilidad Erasmus+ de Educaci\u00f3n Superior, organizadas por el SEPIE (Servicio Espa\u00f1ol para la Internacionalizaci\u00f3n de la Educaci\u00f3n). Las jornadas se llevaron a cabo en el Baluarte los d\u00edas 7 y 8 de octubre.\u00a0<\/p>\n\n\n\n<p>En la foto a la izquierda, la coordinadora de internacionalizaci\u00f3n del CIP Donapea, Carmen Rodrigo y a la derecha la coordinadora de internacionalizaci\u00f3n del CI Maria Ana Sanz, Bego\u00f1a Usath. Tanto al CIP Donapea como el CI Maria Ana Sanz se les ha concedido un proyecto propio de centro para realizar movilidades de alumnado y profesorado de ciclos formativos de grado superior.<\/p>\n\n\n\n<figure class=\"wp-block-image size-large\"><img loading=\"lazy\" width=\"645\" height=\"1024\" src=\"https:\/\/cipdonapea.educacion.navarra.es\/web\/wp-content\/uploads\/2025\/10\/jorerasmus-645x1024.jpg\" alt=\"\" class=\"wp-image-11992\" srcset=\"https:\/\/cipdonapea.educacion.navarra.es\/web\/wp-content\/uploads\/2025\/10\/jorerasmus-645x1024.jpg 645w, https:\/\/cipdonapea.educacion.navarra.es\/web\/wp-content\/uploads\/2025\/10\/jorerasmus-189x300.jpg 189w, https:\/\/cipdonapea.educacion.navarra.es\/web\/wp-content\/uploads\/2025\/10\/jorerasmus-768x1220.jpg 768w, https:\/\/cipdonapea.educacion.navarra.es\/web\/wp-content\/uploads\/2025\/10\/jorerasmus-967x1536.jpg 967w, https:\/\/cipdonapea.educacion.navarra.es\/web\/wp-content\/uploads\/2025\/10\/jorerasmus-1290x2048.jpg 1290w, https:\/\/cipdonapea.educacion.navarra.es\/web\/wp-content\/uploads\/2025\/10\/jorerasmus-scaled.jpg 1612w\" sizes=\"(max-width: 645px) 100vw, 645px\" \/><\/figure>\n","protected":false},"excerpt":{"rendered":"<p>La coordinadora del centro ha participado en las Jornadas de movilidad Erasmus+ de Educaci\u00f3n Superior, organizadas por el SEPIE (Servicio Espa\u00f1ol para la Internacionalizaci\u00f3n de la Educaci\u00f3n). Las jornadas se llevaron a cabo en el Baluarte los d\u00edas 7 y 8 de octubre.\u00a0 En la foto a la izquierda, la coordinadora de internacionalizaci\u00f3n del CIP [&hellip;]<\/p>\n","protected":false},"author":1,"featured_media":0,"comment_status":"open","ping_status":"open","sticky":false,"template":"","format":"standard","meta":{"_genesis_hide_title":false,"_genesis_hide_breadcrumbs":false,"_genesis_hide_singular_image":false,"_genesis_hide_footer_widgets":false,"_genesis_custom_body_class":"","_genesis_custom_post_class":"","_genesis_layout":""},"categories":[31,3],"tags":[],"_links":{"self":[{"href":"https:\/\/cipdonapea.educacion.navarra.es\/web\/wp-json\/wp\/v2\/posts\/11991"}],"collection":[{"href":"https:\/\/cipdonapea.educacion.navarra.es\/web\/wp-json\/wp\/v2\/posts"}],"about":[{"href":"https:\/\/cipdonapea.educacion.navarra.es\/web\/wp-json\/wp\/v2\/types\/post"}],"author":[{"embeddable":true,"href":"https:\/\/cipdonapea.educacion.navarra.es\/web\/wp-json\/wp\/v2\/users\/1"}],"replies":[{"embeddable":true,"href":"https:\/\/cipdonapea.educacion.navarra.es\/web\/wp-json\/wp\/v2\/comments?post=11991"}],"version-history":[{"count":1,"href":"https:\/\/cipdonapea.educacion.navarra.es\/web\/wp-json\/wp\/v2\/posts\/11991\/revisions"}],"predecessor-version":[{"id":11995,"href":"https:\/\/cipdonapea.educacion.navarra.es\/web\/wp-json\/wp\/v2\/posts\/11991\/revisions\/11995"}],"wp:attachment":[{"href":"https:\/\/cipdonapea.educacion.navarra.es\/web\/wp-json\/wp\/v2\/media?parent=11991"}],"wp:term":[{"taxonomy":"category","embeddable":true,"href":"https:\/\/cipdonapea.educacion.navarra.es\/web\/wp-json\/wp\/v2\/categories?post=11991"},{"taxonomy":"post_tag","embeddable":true,"href":"https:\/\/cipdonapea.educacion.navarra.es\/web\/wp-json\/wp\/v2\/tags?post=11991"}],"curies":[{"name":"wp","href":"https:\/\/api.w.org\/{rel}","templated":true}]}}