{"id":11678,"date":"2025-05-08T13:01:45","date_gmt":"2025-05-08T11:01:45","guid":{"rendered":"https:\/\/cipdonapea.educacion.navarra.es\/web\/?p=11678"},"modified":"2025-05-08T13:03:03","modified_gmt":"2025-05-08T11:03:03","slug":"cortometraje-de-alumnado-de-1s-ims-seleccionado-para-concurso-nacional","status":"publish","type":"post","link":"https:\/\/cipdonapea.educacion.navarra.es\/web\/actualidad\/noticias\/cortometraje-de-alumnado-de-1s-ims-seleccionado-para-concurso-nacional\/","title":{"rendered":"Cortometraje de alumnado de 1S (IMS) seleccionado para Concurso Nacional"},"content":{"rendered":"\n<p>\u00a1Grandes noticias!&nbsp;<img alt=\"\ud83c\udfac\" src=\"https:\/\/fonts.gstatic.com\/s\/e\/notoemoji\/16.0\/1f3ac\/32.png\"><img alt=\"\u2728\" src=\"https:\/\/fonts.gstatic.com\/s\/e\/notoemoji\/16.0\/2728\/32.png\"><\/p>\n\n\n\n<p>El cortometraje\u00a0<strong>\u00abEtiquetas\u00bb<\/strong>, realizado por el grupo\u00a0<strong>1S de Primero de V\u00eddeo Disc-jockey y Sonido<\/strong>\u00a0del\u00a0<strong>CIP Donapea IIP de Pamplona<\/strong>, ha sido seleccionado para representar a\u00a0<strong>Navarra<\/strong>\u00a0en la\u00a0<strong>I Edici\u00f3n del Concurso Nacional de Cortometrajes Escolares Platino EDUCA<\/strong>.<\/p>\n\n\n\n<p>Tras un proceso de selecci\u00f3n riguroso, se han elegido los proyectos que llevar\u00e1n el talento navarro a la competici\u00f3n nacional, destacando por su&nbsp;<strong>calidad y originalidad<\/strong>.<\/p>\n\n\n\n<p>\u00a1Enhorabuena a todo el equipo por este reconocimiento! Estamos orgullosos de vuestro trabajo y os deseamos mucho \u00e9xito en esta aventura.\u00a0<img src=\"https:\/\/fonts.gstatic.com\/s\/e\/notoemoji\/16.0\/1f340\/32.png\" alt=\"\ud83c\udf40\"><img src=\"https:\/\/fonts.gstatic.com\/s\/e\/notoemoji\/16.0\/1f4fd_fe0f\/32.png\" alt=\"\ud83d\udcfd\ufe0f\"><\/p>\n\n\n\n<figure class=\"wp-block-image size-large\"><img loading=\"lazy\" width=\"1024\" height=\"768\" src=\"https:\/\/cipdonapea.educacion.navarra.es\/web\/wp-content\/uploads\/2025\/05\/CortoEtiquetas_IMS-1024x768.jpg\" alt=\"\" class=\"wp-image-11679\" srcset=\"https:\/\/cipdonapea.educacion.navarra.es\/web\/wp-content\/uploads\/2025\/05\/CortoEtiquetas_IMS-1024x768.jpg 1024w, https:\/\/cipdonapea.educacion.navarra.es\/web\/wp-content\/uploads\/2025\/05\/CortoEtiquetas_IMS-300x225.jpg 300w, https:\/\/cipdonapea.educacion.navarra.es\/web\/wp-content\/uploads\/2025\/05\/CortoEtiquetas_IMS-768x576.jpg 768w, https:\/\/cipdonapea.educacion.navarra.es\/web\/wp-content\/uploads\/2025\/05\/CortoEtiquetas_IMS-1536x1152.jpg 1536w, https:\/\/cipdonapea.educacion.navarra.es\/web\/wp-content\/uploads\/2025\/05\/CortoEtiquetas_IMS.jpg 1600w\" sizes=\"(max-width: 1024px) 100vw, 1024px\" \/><\/figure>\n\n\n\n<p style=\"font-size:15px\">#Educaci\u00f3n #platinoeduca #cortometrajes #cipdonapeaiip #Donapea #imagenysonido #donapeaimagenysonido<\/p>\n","protected":false},"excerpt":{"rendered":"<p>\u00a1Grandes noticias!&nbsp; El cortometraje\u00a0\u00abEtiquetas\u00bb, realizado por el grupo\u00a01S de Primero de V\u00eddeo Disc-jockey y Sonido\u00a0del\u00a0CIP Donapea IIP de Pamplona, ha sido seleccionado para representar a\u00a0Navarra\u00a0en la\u00a0I Edici\u00f3n del Concurso Nacional de Cortometrajes Escolares Platino EDUCA. Tras un proceso de selecci\u00f3n riguroso, se han elegido los proyectos que llevar\u00e1n el talento navarro a la competici\u00f3n nacional, [&hellip;]<\/p>\n","protected":false},"author":1,"featured_media":0,"comment_status":"open","ping_status":"open","sticky":false,"template":"","format":"standard","meta":{"_genesis_hide_title":false,"_genesis_hide_breadcrumbs":false,"_genesis_hide_singular_image":false,"_genesis_hide_footer_widgets":false,"_genesis_custom_body_class":"","_genesis_custom_post_class":"","_genesis_layout":""},"categories":[3,44],"tags":[],"_links":{"self":[{"href":"https:\/\/cipdonapea.educacion.navarra.es\/web\/wp-json\/wp\/v2\/posts\/11678"}],"collection":[{"href":"https:\/\/cipdonapea.educacion.navarra.es\/web\/wp-json\/wp\/v2\/posts"}],"about":[{"href":"https:\/\/cipdonapea.educacion.navarra.es\/web\/wp-json\/wp\/v2\/types\/post"}],"author":[{"embeddable":true,"href":"https:\/\/cipdonapea.educacion.navarra.es\/web\/wp-json\/wp\/v2\/users\/1"}],"replies":[{"embeddable":true,"href":"https:\/\/cipdonapea.educacion.navarra.es\/web\/wp-json\/wp\/v2\/comments?post=11678"}],"version-history":[{"count":1,"href":"https:\/\/cipdonapea.educacion.navarra.es\/web\/wp-json\/wp\/v2\/posts\/11678\/revisions"}],"predecessor-version":[{"id":11682,"href":"https:\/\/cipdonapea.educacion.navarra.es\/web\/wp-json\/wp\/v2\/posts\/11678\/revisions\/11682"}],"wp:attachment":[{"href":"https:\/\/cipdonapea.educacion.navarra.es\/web\/wp-json\/wp\/v2\/media?parent=11678"}],"wp:term":[{"taxonomy":"category","embeddable":true,"href":"https:\/\/cipdonapea.educacion.navarra.es\/web\/wp-json\/wp\/v2\/categories?post=11678"},{"taxonomy":"post_tag","embeddable":true,"href":"https:\/\/cipdonapea.educacion.navarra.es\/web\/wp-json\/wp\/v2\/tags?post=11678"}],"curies":[{"name":"wp","href":"https:\/\/api.w.org\/{rel}","templated":true}]}}