{"id":11006,"date":"2024-10-17T13:10:29","date_gmt":"2024-10-17T11:10:29","guid":{"rendered":"https:\/\/cipdonapea.educacion.navarra.es\/web\/?p=11006"},"modified":"2024-10-17T13:15:35","modified_gmt":"2024-10-17T11:15:35","slug":"celebracion-erasmus-days%ef%bf%bc","status":"publish","type":"post","link":"https:\/\/cipdonapea.educacion.navarra.es\/web\/actualidad\/noticias\/celebracion-erasmus-days%ef%bf%bc\/","title":{"rendered":"Celebraci\u00f3n Erasmus Days"},"content":{"rendered":"\n<p>Con motivo de la celebraci\u00f3n de los Erasmus Days del 14 al 18 de octubre, la responsable de internacionalizaci\u00f3n del centro prepar\u00f3 un acto con estudiantes de Qu\u00edmica, durante el cual se ha proyectado un v\u00eddeo elaborado por el Departamento de Educaci\u00f3n con fotos y experiencias de alumnado que realiz\u00f3 sus pr\u00e1cticas en Europa durante el curso pasado.<br>As\u00ed mismo, se cont\u00f3 con el testimonio de una antigua alumna del centro que realiz\u00f3 las pr\u00e1cticas en Europa el curso pasado y que anim\u00f3 al alumnado a participar de este programa que, como su eslogan indica, cambia vidas.<br>Un a\u00f1o m\u00e1s, muchas gracias a todos los participantes y esperamos poder seguir realizando este tipo de iniciativas muchos a\u00f1os m\u00e1s.<\/p>\n\n\n\n<figure class=\"wp-block-image size-large\"><img loading=\"lazy\" width=\"1024\" height=\"767\" src=\"https:\/\/cipdonapea.educacion.navarra.es\/web\/wp-content\/uploads\/2024\/10\/ErasmusDays-1024x767.jpg\" alt=\"\" class=\"wp-image-11007\" srcset=\"https:\/\/cipdonapea.educacion.navarra.es\/web\/wp-content\/uploads\/2024\/10\/ErasmusDays-1024x767.jpg 1024w, https:\/\/cipdonapea.educacion.navarra.es\/web\/wp-content\/uploads\/2024\/10\/ErasmusDays-300x225.jpg 300w, https:\/\/cipdonapea.educacion.navarra.es\/web\/wp-content\/uploads\/2024\/10\/ErasmusDays-768x576.jpg 768w, https:\/\/cipdonapea.educacion.navarra.es\/web\/wp-content\/uploads\/2024\/10\/ErasmusDays.jpg 1197w\" sizes=\"(max-width: 1024px) 100vw, 1024px\" \/><\/figure>\n","protected":false},"excerpt":{"rendered":"<p>Con motivo de la celebraci\u00f3n de los Erasmus Days del 14 al 18 de octubre, la responsable de internacionalizaci\u00f3n del centro prepar\u00f3 un acto con estudiantes de Qu\u00edmica, durante el cual se ha proyectado un v\u00eddeo elaborado por el Departamento de Educaci\u00f3n con fotos y experiencias de alumnado que realiz\u00f3 sus pr\u00e1cticas en Europa durante [&hellip;]<\/p>\n","protected":false},"author":1,"featured_media":0,"comment_status":"open","ping_status":"open","sticky":false,"template":"","format":"standard","meta":{"_genesis_hide_title":false,"_genesis_hide_breadcrumbs":false,"_genesis_hide_singular_image":false,"_genesis_hide_footer_widgets":false,"_genesis_custom_body_class":"","_genesis_custom_post_class":"","_genesis_layout":""},"categories":[3],"tags":[],"_links":{"self":[{"href":"https:\/\/cipdonapea.educacion.navarra.es\/web\/wp-json\/wp\/v2\/posts\/11006"}],"collection":[{"href":"https:\/\/cipdonapea.educacion.navarra.es\/web\/wp-json\/wp\/v2\/posts"}],"about":[{"href":"https:\/\/cipdonapea.educacion.navarra.es\/web\/wp-json\/wp\/v2\/types\/post"}],"author":[{"embeddable":true,"href":"https:\/\/cipdonapea.educacion.navarra.es\/web\/wp-json\/wp\/v2\/users\/1"}],"replies":[{"embeddable":true,"href":"https:\/\/cipdonapea.educacion.navarra.es\/web\/wp-json\/wp\/v2\/comments?post=11006"}],"version-history":[{"count":2,"href":"https:\/\/cipdonapea.educacion.navarra.es\/web\/wp-json\/wp\/v2\/posts\/11006\/revisions"}],"predecessor-version":[{"id":11013,"href":"https:\/\/cipdonapea.educacion.navarra.es\/web\/wp-json\/wp\/v2\/posts\/11006\/revisions\/11013"}],"wp:attachment":[{"href":"https:\/\/cipdonapea.educacion.navarra.es\/web\/wp-json\/wp\/v2\/media?parent=11006"}],"wp:term":[{"taxonomy":"category","embeddable":true,"href":"https:\/\/cipdonapea.educacion.navarra.es\/web\/wp-json\/wp\/v2\/categories?post=11006"},{"taxonomy":"post_tag","embeddable":true,"href":"https:\/\/cipdonapea.educacion.navarra.es\/web\/wp-json\/wp\/v2\/tags?post=11006"}],"curies":[{"name":"wp","href":"https:\/\/api.w.org\/{rel}","templated":true}]}}