{"id":1054,"date":"2018-05-30T15:31:15","date_gmt":"2018-05-30T15:31:15","guid":{"rendered":"https:\/\/cipdonapea.educacion.navarra.es\/web\/?p=1054"},"modified":"2019-03-10T18:35:42","modified_gmt":"2019-03-10T18:35:42","slug":"cip-donapea-otorgado-centro-de-excelencia","status":"publish","type":"post","link":"https:\/\/cipdonapea.educacion.navarra.es\/web\/actualidad\/noticias\/cip-donapea-otorgado-centro-de-excelencia\/","title":{"rendered":"El CIP Donapea IIP, renueva su sello de Centro Excelente"},"content":{"rendered":"\n<h6>El consejero de Educaci\u00f3n, Jos\u00e9 Luis Mendoza, acompa\u00f1ado por el director general de Educaci\u00f3n, Roberto P\u00e9rez Elorza, han presidido en el Sal\u00f3n del Trono del Palacio de Navarra el acto de entrega de los reconocimientos \u201cCompromiso con la Calidad\u201d, \u201cCentro de Calidad\u201d y \u201cCentro Excelente\u201d a centros educativos p\u00fablicos de la Comunidad Foral. Se ha reconocido a los centros que han dise\u00f1ado e implantado un sistema de gesti\u00f3n de calidad (SGC) conforme a la norma SGCC 2013 y que han obtenido una evaluaci\u00f3n positiva por parte del Departamento de Educaci\u00f3n. Entre ellos, el CIP Donapea IIP, ha recibido el sello \u201cCentro Excelente\u201d.<\/h6>\n\n\n\n<figure class=\"wp-block-image\"><img loading=\"lazy\" width=\"1024\" height=\"724\" src=\"https:\/\/cipdonapea.educacion.navarra.es\/web\/wp-content\/uploads\/2019\/03\/Centro-excelente_2016-1024x724.jpg\" alt=\"\" class=\"wp-image-2046\" srcset=\"https:\/\/cipdonapea.educacion.navarra.es\/web\/wp-content\/uploads\/2019\/03\/Centro-excelente_2016-1024x724.jpg 1024w, https:\/\/cipdonapea.educacion.navarra.es\/web\/wp-content\/uploads\/2019\/03\/Centro-excelente_2016-300x212.jpg 300w, https:\/\/cipdonapea.educacion.navarra.es\/web\/wp-content\/uploads\/2019\/03\/Centro-excelente_2016-768x543.jpg 768w\" sizes=\"(max-width: 1024px) 100vw, 1024px\" \/><\/figure>\n","protected":false},"excerpt":{"rendered":"<p>El consejero de Educaci\u00f3n, Jos\u00e9 Luis Mendoza, acompa\u00f1ado por el director general de Educaci\u00f3n, Roberto P\u00e9rez Elorza, han presidido en el Sal\u00f3n del Trono del Palacio de Navarra el acto de entrega de los reconocimientos \u201cCompromiso con la Calidad\u201d, \u201cCentro de Calidad\u201d y \u201cCentro Excelente\u201d a centros educativos p\u00fablicos de la Comunidad Foral. Se ha [&hellip;]<\/p>\n","protected":false},"author":1,"featured_media":1042,"comment_status":"open","ping_status":"open","sticky":false,"template":"","format":"standard","meta":{"_genesis_hide_title":false,"_genesis_hide_breadcrumbs":false,"_genesis_hide_singular_image":false,"_genesis_hide_footer_widgets":false,"_genesis_custom_body_class":"","_genesis_custom_post_class":"","_genesis_layout":"full-width-content"},"categories":[3],"tags":[],"_links":{"self":[{"href":"https:\/\/cipdonapea.educacion.navarra.es\/web\/wp-json\/wp\/v2\/posts\/1054"}],"collection":[{"href":"https:\/\/cipdonapea.educacion.navarra.es\/web\/wp-json\/wp\/v2\/posts"}],"about":[{"href":"https:\/\/cipdonapea.educacion.navarra.es\/web\/wp-json\/wp\/v2\/types\/post"}],"author":[{"embeddable":true,"href":"https:\/\/cipdonapea.educacion.navarra.es\/web\/wp-json\/wp\/v2\/users\/1"}],"replies":[{"embeddable":true,"href":"https:\/\/cipdonapea.educacion.navarra.es\/web\/wp-json\/wp\/v2\/comments?post=1054"}],"version-history":[{"count":3,"href":"https:\/\/cipdonapea.educacion.navarra.es\/web\/wp-json\/wp\/v2\/posts\/1054\/revisions"}],"predecessor-version":[{"id":2049,"href":"https:\/\/cipdonapea.educacion.navarra.es\/web\/wp-json\/wp\/v2\/posts\/1054\/revisions\/2049"}],"wp:featuredmedia":[{"embeddable":true,"href":"https:\/\/cipdonapea.educacion.navarra.es\/web\/wp-json\/wp\/v2\/media\/1042"}],"wp:attachment":[{"href":"https:\/\/cipdonapea.educacion.navarra.es\/web\/wp-json\/wp\/v2\/media?parent=1054"}],"wp:term":[{"taxonomy":"category","embeddable":true,"href":"https:\/\/cipdonapea.educacion.navarra.es\/web\/wp-json\/wp\/v2\/categories?post=1054"},{"taxonomy":"post_tag","embeddable":true,"href":"https:\/\/cipdonapea.educacion.navarra.es\/web\/wp-json\/wp\/v2\/tags?post=1054"}],"curies":[{"name":"wp","href":"https:\/\/api.w.org\/{rel}","templated":true}]}}