{"id":10331,"date":"2024-03-25T20:37:07","date_gmt":"2024-03-25T19:37:07","guid":{"rendered":"https:\/\/cipdonapea.educacion.navarra.es\/web\/?p=10331"},"modified":"2024-05-02T13:30:13","modified_gmt":"2024-05-02T11:30:13","slug":"proyecto-eramus-del-alumnado-del-cs-de-laboratorio-de-analisis-y-control-de-calidad-2023-2024","status":"publish","type":"post","link":"https:\/\/cipdonapea.educacion.navarra.es\/web\/actualidad\/noticias\/proyecto-eramus-del-alumnado-del-cs-de-laboratorio-de-analisis-y-control-de-calidad-2023-2024\/","title":{"rendered":"Proyecto Eramus del alumnado del CS de Laboratorio de An\u00e1lisis y Control de Calidad 2023-2024."},"content":{"rendered":"\n<p>La ciudadan\u00eda de la Uni\u00f3n refuerza la identidad europea, y permite a los ciudadanos participar m\u00e1s estrechamente en el proceso de la integraci\u00f3n comunitaria y en la toma de decisiones.<\/p>\n\n\n\n<p>Con el objetivo de reforzar este esp\u00edritu de ciudadan\u00eda europea, un grupo de 14 alumnos y su profesora de FOL han llevado a cabo a lo largo del curso diferentes actividades :<\/p>\n\n\n\n<ol><li>Participar en una conferencia de una funcionaria de la Uni\u00f3n Europea sobre el origen y las actividades de esta instituci\u00f3n.<\/li><li>Colaborar en el d\u00eda internacional dedicado al programa Erasmus+.<\/li><li>Creaci\u00f3n de una website con el objetivo principal de contribuir a la integraci\u00f3n comunitaria ofreciendo una gu\u00eda para facilitar la b\u00fasqueda de empleo en Espa\u00f1a, as\u00ed como continuar los estudios en el \u00e1mbito de la formaci\u00f3n profesional en Espa\u00f1a y especialmente en Navarra. Esta web ha recibido m\u00e1s de 5000 visitas en tres meses. <a rel=\"noreferrer noopener\" href=\"https:\/\/asaezirure1.wixsite.com\/my-site-2\" target=\"_blank\">Enlace a la web.<\/a><\/li><li>Contactar con el centro franc\u00e9s de formaci\u00f3n profesional \u201cLyc\u00e9e Guynemer\u201d situado en Oloron-Sainte-Marie para compartir con ellos nuestro proyecto v\u00eda online.<\/li><li>Visitar las instituciones Europeas en Bruselas.<\/li><li>Visitar el centro alem\u00e1n Berufskolleg des Kreis Kleve en Geldern donde el alumnado espa\u00f1ol pudo compartir sus experiencias en las instituciones europeas y mostrarles la funcionalidad de la web.<\/li><\/ol>\n\n\n\n<p>Fruto de todo este trabajo, el alumnado ahora es m\u00e1s consciente de la importancia de pertenecer a una instituci\u00f3n como la Uni\u00f3n Europea y ha sido capar de llevar a cabo un proyecto que pueda redundar en extender la idea de pertenencia a la misma.<\/p>\n\n\n\n<p class=\"has-text-align-center\"><a href=\"https:\/\/drive.google.com\/file\/d\/14Gifq_NoTy1LLnEnMxWqgefCkRPIGl28\/view?usp=sharing\" target=\"_blank\" rel=\"noreferrer noopener\">V\u00eddeo de la visita<\/a><\/p>\n\n\n\n<figure class=\"wp-block-image size-large\"><img loading=\"lazy\" width=\"1024\" height=\"505\" src=\"https:\/\/cipdonapea.educacion.navarra.es\/web\/wp-content\/uploads\/2024\/03\/Erasmus-QUI-1024x505.jpg\" alt=\"\" class=\"wp-image-10332\" srcset=\"https:\/\/cipdonapea.educacion.navarra.es\/web\/wp-content\/uploads\/2024\/03\/Erasmus-QUI-1024x505.jpg 1024w, https:\/\/cipdonapea.educacion.navarra.es\/web\/wp-content\/uploads\/2024\/03\/Erasmus-QUI-300x148.jpg 300w, https:\/\/cipdonapea.educacion.navarra.es\/web\/wp-content\/uploads\/2024\/03\/Erasmus-QUI-768x379.jpg 768w, https:\/\/cipdonapea.educacion.navarra.es\/web\/wp-content\/uploads\/2024\/03\/Erasmus-QUI-1536x757.jpg 1536w, https:\/\/cipdonapea.educacion.navarra.es\/web\/wp-content\/uploads\/2024\/03\/Erasmus-QUI-2048x1010.jpg 2048w\" sizes=\"(max-width: 1024px) 100vw, 1024px\" \/><\/figure>\n","protected":false},"excerpt":{"rendered":"<p>La ciudadan\u00eda de la Uni\u00f3n refuerza la identidad europea, y permite a los ciudadanos participar m\u00e1s estrechamente en el proceso de la integraci\u00f3n comunitaria y en la toma de decisiones. Con el objetivo de reforzar este esp\u00edritu de ciudadan\u00eda europea, un grupo de 14 alumnos y su profesora de FOL han llevado a cabo a [&hellip;]<\/p>\n","protected":false},"author":1,"featured_media":0,"comment_status":"open","ping_status":"open","sticky":false,"template":"","format":"standard","meta":{"_genesis_hide_title":false,"_genesis_hide_breadcrumbs":false,"_genesis_hide_singular_image":false,"_genesis_hide_footer_widgets":false,"_genesis_custom_body_class":"","_genesis_custom_post_class":"","_genesis_layout":""},"categories":[79,3,45],"tags":[],"_links":{"self":[{"href":"https:\/\/cipdonapea.educacion.navarra.es\/web\/wp-json\/wp\/v2\/posts\/10331"}],"collection":[{"href":"https:\/\/cipdonapea.educacion.navarra.es\/web\/wp-json\/wp\/v2\/posts"}],"about":[{"href":"https:\/\/cipdonapea.educacion.navarra.es\/web\/wp-json\/wp\/v2\/types\/post"}],"author":[{"embeddable":true,"href":"https:\/\/cipdonapea.educacion.navarra.es\/web\/wp-json\/wp\/v2\/users\/1"}],"replies":[{"embeddable":true,"href":"https:\/\/cipdonapea.educacion.navarra.es\/web\/wp-json\/wp\/v2\/comments?post=10331"}],"version-history":[{"count":1,"href":"https:\/\/cipdonapea.educacion.navarra.es\/web\/wp-json\/wp\/v2\/posts\/10331\/revisions"}],"predecessor-version":[{"id":10335,"href":"https:\/\/cipdonapea.educacion.navarra.es\/web\/wp-json\/wp\/v2\/posts\/10331\/revisions\/10335"}],"wp:attachment":[{"href":"https:\/\/cipdonapea.educacion.navarra.es\/web\/wp-json\/wp\/v2\/media?parent=10331"}],"wp:term":[{"taxonomy":"category","embeddable":true,"href":"https:\/\/cipdonapea.educacion.navarra.es\/web\/wp-json\/wp\/v2\/categories?post=10331"},{"taxonomy":"post_tag","embeddable":true,"href":"https:\/\/cipdonapea.educacion.navarra.es\/web\/wp-json\/wp\/v2\/tags?post=10331"}],"curies":[{"name":"wp","href":"https:\/\/api.w.org\/{rel}","templated":true}]}}